{"id":94794,"date":"2022-10-30T19:24:01","date_gmt":"2022-10-30T22:24:01","guid":{"rendered":"https:\/\/primicias2262.com\/?p=94794"},"modified":"2022-10-30T19:24:01","modified_gmt":"2022-10-30T22:24:01","slug":"la-unidad-cuando-es-solo-rejunte-para-tener-un-lugar-en-la-lista-no-sirve","status":"publish","type":"post","link":"https:\/\/primicias2262.com\/noticias\/la-unidad-cuando-es-solo-rejunte-para-tener-un-lugar-en-la-lista-no-sirve\/","title":{"rendered":"\u201cLa unidad cuando es solo rejunte para tener un lugar en la lista, no sirve\u201d"},"content":{"rendered":"<p>As\u00ed lo afirm\u00f3 en los estudios de \u201cVoces de la Ciudad\u201d Graciana Maizzani, quien encabeza una de las dos listas que pretenden presidir el comit\u00e9 radical \u201cEmiliano Ab\u00e1solo\u201d de Necochea, de cara a las elecciones del pr\u00f3ximo 13 de noviembre en dicha sede.<\/p>\n<p>En di\u00e1logo con el periodista Jorge G\u00f3mez, quien encabeza la lista 133 empez\u00f3 aclarando lo b\u00e1sico: \u201cEs una elecci\u00f3n interna del partido y van a votar afiliados partidarios\u2026 tiene que ver con la apertura que debe tener el radicalismo a los afiliados, si nosotros no podemos garantizar que los ellos participen en la elecci\u00f3n de sus candidatos a autoridades tenemos que replantearnos qu\u00e9 tipo de partido queremos\u201d.<\/p>\n<p>De hecho, reconoci\u00f3 Graciana que \u201cesto no ha sucedido, y fue lo que origin\u00f3 que el a\u00f1o pasado se presentaran dos listas en las elecciones PASO\u201d, tras lo cual apunt\u00f3 a la figura de Alberto Esnaola, actual presidente del comit\u00e9: \u201cSi bien hubo un acuerdo que se hizo con quien conduce actualmente el partido, en el cual muchos acompa\u00f1amos porque cre\u00edmos en su palabra cuando se manifest\u00f3 que iba a haber una asamblea para elegir a los candidatos\u00bb.<\/p>\n<p>No obstante, Maizzani valor\u00f3 que \u201cel radicalismo tiene esta gimnasia que cada dos a\u00f1os nos permitimos competir y elegir nuestras autoridades\u201d, y fue all\u00ed cuando afirm\u00f3 que \u201cla unidad solo cuando es rejunte para tener alg\u00fan lugar en la lista ha quedado demostrado que no sirve, que la \u00fanica manera que tenemos de conseguir una unidad y trabajar juntos es a trav\u00e9s de la competencia. Los radicales tenemos innato esto y no es algo que nos llame la atenci\u00f3n\u201d.<\/p>\n<p>A nivel provincial, Graciana destac\u00f3 que \u201cMaximiliano Abad ha sido el gran hacedor de la unidad partidaria, permitiendo la participaci\u00f3n de todos, que es algo que no se ha dado a nivel local\u2026 \u00e9l habl\u00f3 con todos en los 135 distritos que componen la Provincia\u201d, tras lo cual reflexion\u00f3 que \u201chay que abrir la participaci\u00f3n y no creernos que el radicalismo somos solo alg\u00fan par de dirigentes que podemos tener acceso a un medio de comunicaci\u00f3n para hablar\u201d.<\/p>\n<p>En cuanto al camino hacia el 13 de noviembre y la construcci\u00f3n con la lista antag\u00f3nica que lidera Carola Bertoldi, se\u00f1al\u00f3 que \u201cesper\u00e1bamos poder acordar o hablar en otros t\u00e9rminos y que las reuniones que se hicieran en el partido fueran sinceras, pero la realidad es que no se ha dado\u201d<\/p>\n<p>Sin embargo aclar\u00f3 que \u201cno le tiro la responsabilidad solo al otro espacio, pero no hemos podido dejar de lado algunas cuestiones como para avanzar y hoy nos encuentra en este camino de una interna, que es lo que va a definir la unidad partidaria, la cual no se predica, se practica: es decir, pasada la elecci\u00f3n del 13 de noviembre nos tiene que encontrar a todos los radicales juntos trabajando por un proyecto para la ciudad\u201d.<\/p>\n<p>Incluso, al referirse a Bertoldi, se\u00f1al\u00f3 que es \u201cuna persona maravillosa\u201d, pero \u201cforma parte de un espacio que no ha respetado alg\u00fan acuerdo y que tiene otra manera de hacer las cosas, y nosotros queremos renovar las ideas\u2026 si no logramos atraer al partido personas nuevas con ideas distintas vamos a seguir teniendo los mismos resultados\u201d.<\/p>\n<p>Al ser consultada sobre un supuesto escenario que la tenga como ganadora, Maizzani manifest\u00f3 que \u201clo primero que voy a hacer es convocarla a Carola (Bertoldi) y de ah\u00ed diagramar, porque una lista no va a poder sola, la convocatoria tiene que ser real y sincera\u201d, y asever\u00f3 que \u201csi no podemos ordenarnos en casa, no vamos a poder ordenarnos de cara al resto de los partidos que integran la coalici\u00f3n\u201d.<\/p>\n<p>Finalmente, Graciana se expres\u00f3 autocr\u00edtica con el espacio al enfatizar que \u201clo que nos tiene que convocar a trabajar en el radicalismo es el modelo de ciudad que queremos para Necochea, que no lo hemos podido generar, ha habido intentos, pero no lo hemos logrado; nos debemos los radicales un proyecto serio que nos convoque y ah\u00ed tenemos tambi\u00e9n una deuda con la sociedad en general\u00bb<\/p>\n<p>\u00abHemos errado el camino y es un poco lo que esta elecci\u00f3n viene a subsanar: aquellos errores que hemos cometido anteriormente ya no tenemos que cometerlos despu\u00e9s del 13 de noviembre. Queremos cambiar por sobre todas las cosas la participaci\u00f3n dentro del partido y que podamos ir al comit\u00e9 y podamos de m\u00ednima saludarnos\u2026 que nadie mire por encima del hombro al otro\u201d, enfatiz\u00f3.<\/p>\n","protected":false},"excerpt":{"rendered":"<p>As\u00ed lo afirm\u00f3 en los estudios de \u201cVoces de la Ciudad\u201d Graciana Maizzani, quien encabeza una de las dos listas que pretenden presidir el comit\u00e9 radical \u201cEmiliano Ab\u00e1solo\u201d de Necochea, de cara a las elecciones del pr\u00f3ximo 13 de noviembre en dicha sede. En di\u00e1logo con el periodista Jorge G\u00f3mez, quien encabeza la lista 133 [&hellip;]<\/p>\n","protected":false},"author":3,"featured_media":94795,"comment_status":"closed","ping_status":"closed","sticky":false,"template":"","format":"standard","meta":{"footnotes":""},"categories":[3],"tags":[],"class_list":["post-94794","post","type-post","status-publish","format-standard","has-post-thumbnail","category-masnoticias"],"_links":{"self":[{"href":"https:\/\/primicias2262.com\/noticias\/wp-json\/wp\/v2\/posts\/94794","targetHints":{"allow":["GET"]}}],"collection":[{"href":"https:\/\/primicias2262.com\/noticias\/wp-json\/wp\/v2\/posts"}],"about":[{"href":"https:\/\/primicias2262.com\/noticias\/wp-json\/wp\/v2\/types\/post"}],"author":[{"embeddable":true,"href":"https:\/\/primicias2262.com\/noticias\/wp-json\/wp\/v2\/users\/3"}],"replies":[{"embeddable":true,"href":"https:\/\/primicias2262.com\/noticias\/wp-json\/wp\/v2\/comments?post=94794"}],"version-history":[{"count":0,"href":"https:\/\/primicias2262.com\/noticias\/wp-json\/wp\/v2\/posts\/94794\/revisions"}],"wp:attachment":[{"href":"https:\/\/primicias2262.com\/noticias\/wp-json\/wp\/v2\/media?parent=94794"}],"wp:term":[{"taxonomy":"category","embeddable":true,"href":"https:\/\/primicias2262.com\/noticias\/wp-json\/wp\/v2\/categories?post=94794"},{"taxonomy":"post_tag","embeddable":true,"href":"https:\/\/primicias2262.com\/noticias\/wp-json\/wp\/v2\/tags?post=94794"}],"curies":[{"name":"wp","href":"https:\/\/api.w.org\/{rel}","templated":true}]}}