{"id":94808,"date":"2022-10-30T19:47:27","date_gmt":"2022-10-30T22:47:27","guid":{"rendered":"https:\/\/primicias2262.com\/?p=94808"},"modified":"2022-10-30T19:47:27","modified_gmt":"2022-10-30T22:47:27","slug":"la-etapa-regional-de-decision-ninez-se-realizara-el-miercoles-en-el-centro-cultural","status":"publish","type":"post","link":"https:\/\/primicias2262.com\/noticias\/la-etapa-regional-de-decision-ninez-se-realizara-el-miercoles-en-el-centro-cultural\/","title":{"rendered":"La etapa regional de Decisi\u00f3n Ni\u00f1ez se realizar\u00e1 el mi\u00e9rcoles en el Centro Cultural"},"content":{"rendered":"<p><strong>Para esta instancia fueron elegidos cuatro proyectos de Necochea, otros cuatro de Lober\u00eda y dos de san Cayetano, de los cuales seis de ellos (tres de cada franja etaria) ser\u00e1n financiados por el Organismo Provincial de la Ni\u00f1ez y Adolescencia.<\/strong><\/p>\n<p>Luego de la Asamblea Municipal de Decisi\u00f3n Ni\u00f1ez, desarrollada la semana anterior en el Polideportivo \u201cEdgardo Hugo Yelpo\u201d por el Servicio Local y el Servicio Zonal de Protecci\u00f3n y Promoci\u00f3n de los Derechos de Ni\u00f1oz y Adolescentes, de la cual cuatro proyectos locales fueron elegidos para la pr\u00f3xima etapa, el venidero mi\u00e9rcoles 2 de noviembre se realizar\u00e1 la instancia regional en el Centro Cultural de calle 54 entre 61 y 63, junto a las localidades de San Cayetano y Lober\u00eda.<\/p>\n<p>La jornada comenzar\u00e1 a partir de las 10 de la ma\u00f1ana y la din\u00e1mica ser\u00e1 similar a la etapa local, ya que habr\u00e1 una apertura seguida de la presentaci\u00f3n de los proyectos y posteriormente la asamblea donde los mismos chicos y chicas elegir\u00e1n su proyecto preferido, sin poder auto elegirse.<\/p>\n<p>Vale destacar que, para esta instancia regional, habr\u00e1 10 proyectos en total, cuatro de Necochea y cuatro de Lober\u00eda, dos de cada franja etaria, de 8 a 12 a\u00f1os y de 13 a 17 a\u00f1os, mientras que San Cayetano presentar\u00e1 dos proyectos en la franja de 13 a 17 a\u00f1os.<\/p>\n<p>En tanto, al final de la jornada se elegir\u00e1n tres proyectos de cada franja etaria, es decir que ser\u00e1n seis los proyectos que finalmente ser\u00e1n financiados por el Organismo Provincial de la Ni\u00f1ez y la Adolescencia, los cuales se materializar\u00e1n en 2023. En toda la Provincia se recuerda que para este a\u00f1o dicho organismo financiar\u00e1 144 proyectos de 400 mil pesos cada uno.<\/p>\n<p>En el caso de los proyectos de Necochea, la semana anterior resultaron electos de forma democr\u00e1tica \u201cSkatepark\u201d y \u201cSurarte\u201d en la franja de 8 a 12 a\u00f1os; y \u201cEco Unidos\u201d y \u201cEl Encuentro Chill\u201d en la franja de 13 a 17 a\u00f1os.<\/p>\n","protected":false},"excerpt":{"rendered":"<p>Para esta instancia fueron elegidos cuatro proyectos de Necochea, otros cuatro de Lober\u00eda y dos de san Cayetano, de los cuales seis de ellos (tres de cada franja etaria) ser\u00e1n financiados por el Organismo Provincial de la Ni\u00f1ez y Adolescencia. Luego de la Asamblea Municipal de Decisi\u00f3n Ni\u00f1ez, desarrollada la semana anterior en el Polideportivo [&hellip;]<\/p>\n","protected":false},"author":3,"featured_media":94809,"comment_status":"closed","ping_status":"closed","sticky":false,"template":"","format":"standard","meta":{"footnotes":""},"categories":[5],"tags":[],"class_list":{"0":"post-94808","1":"post","2":"type-post","3":"status-publish","4":"format-standard","5":"has-post-thumbnail","7":"category-neco"},"_links":{"self":[{"href":"https:\/\/primicias2262.com\/noticias\/wp-json\/wp\/v2\/posts\/94808","targetHints":{"allow":["GET"]}}],"collection":[{"href":"https:\/\/primicias2262.com\/noticias\/wp-json\/wp\/v2\/posts"}],"about":[{"href":"https:\/\/primicias2262.com\/noticias\/wp-json\/wp\/v2\/types\/post"}],"author":[{"embeddable":true,"href":"https:\/\/primicias2262.com\/noticias\/wp-json\/wp\/v2\/users\/3"}],"replies":[{"embeddable":true,"href":"https:\/\/primicias2262.com\/noticias\/wp-json\/wp\/v2\/comments?post=94808"}],"version-history":[{"count":0,"href":"https:\/\/primicias2262.com\/noticias\/wp-json\/wp\/v2\/posts\/94808\/revisions"}],"wp:featuredmedia":[{"embeddable":true,"href":"https:\/\/primicias2262.com\/noticias\/wp-json\/"}],"wp:attachment":[{"href":"https:\/\/primicias2262.com\/noticias\/wp-json\/wp\/v2\/media?parent=94808"}],"wp:term":[{"taxonomy":"category","embeddable":true,"href":"https:\/\/primicias2262.com\/noticias\/wp-json\/wp\/v2\/categories?post=94808"},{"taxonomy":"post_tag","embeddable":true,"href":"https:\/\/primicias2262.com\/noticias\/wp-json\/wp\/v2\/tags?post=94808"}],"curies":[{"name":"wp","href":"https:\/\/api.w.org\/{rel}","templated":true}]}}