{"id":94814,"date":"2022-10-30T20:37:30","date_gmt":"2022-10-30T23:37:30","guid":{"rendered":"https:\/\/primicias2262.com\/?p=94814"},"modified":"2022-10-30T20:37:30","modified_gmt":"2022-10-30T23:37:30","slug":"futbol-local-ministerio-se-quedo-con-el-clasico-y-mantuvo-la-categoria","status":"publish","type":"post","link":"https:\/\/primicias2262.com\/noticias\/futbol-local-ministerio-se-quedo-con-el-clasico-y-mantuvo-la-categoria\/","title":{"rendered":"F\u00fatbol local: Ministerio se qued\u00f3 con el cl\u00e1sico y mantuvo la categor\u00eda"},"content":{"rendered":"<p>Ministerio derrot\u00f3 a Estaci\u00f3n por 3 a 1 y se adjudic\u00f3 la Promoci\u00f3n por lo que seguir\u00e1 militando en la zona \u00abA\u00bb del f\u00fatbol local, tras un cl\u00e1sico en el que lo tuvo como un justo triunfador.<\/p>\n<p>Los goles del \u00abDecano\u00bb quequenense fueron anotados por Marcos Charra, Agust\u00edn Bolado y Mart\u00edn Diez, mientras que Nahuel L\u00f3pez descont\u00f3 para Estaci\u00f3n. Hace una semana, en el partido de ida en el \u00abCarlos Cuomo\u00bb hab\u00edan empatado 1 a 1.<\/p>\n<p><a href=\"https:\/\/primicias2262.com\/wp-content\/uploads\/2022\/10\/Ministerio-2.jpeg\"><img loading=\"lazy\" decoding=\"async\" class=\"aligncenter size-full wp-image-94815\" src=\"https:\/\/primicias2262.com\/wp-content\/uploads\/2022\/10\/Ministerio-2.jpeg\" alt=\"\" width=\"1019\" height=\"614\" \/><\/a><\/p>\n<p>El pr\u00f3ximo fin de semana se disputar\u00e1n las revanchas de las semifinales, cuando Independiente (SC) reciba a Gimnasia y Esgrima y Villa D\u00edaz V\u00e9lez haga lo propio con Sportivo (SC).<\/p>\n<p><strong>FOTOS: Agustin Betancor<\/strong><\/p>\n","protected":false},"excerpt":{"rendered":"<p>Ministerio derrot\u00f3 a Estaci\u00f3n por 3 a 1 y se adjudic\u00f3 la Promoci\u00f3n por lo que seguir\u00e1 militando en la zona \u00abA\u00bb del f\u00fatbol local, tras un cl\u00e1sico en el que lo tuvo como un justo triunfador. Los goles del \u00abDecano\u00bb quequenense fueron anotados por Marcos Charra, Agust\u00edn Bolado y Mart\u00edn Diez, mientras que Nahuel [&hellip;]<\/p>\n","protected":false},"author":3,"featured_media":94816,"comment_status":"closed","ping_status":"closed","sticky":false,"template":"","format":"standard","meta":{"footnotes":""},"categories":[3],"tags":[],"class_list":["post-94814","post","type-post","status-publish","format-standard","has-post-thumbnail","category-masnoticias"],"_links":{"self":[{"href":"https:\/\/primicias2262.com\/noticias\/wp-json\/wp\/v2\/posts\/94814","targetHints":{"allow":["GET"]}}],"collection":[{"href":"https:\/\/primicias2262.com\/noticias\/wp-json\/wp\/v2\/posts"}],"about":[{"href":"https:\/\/primicias2262.com\/noticias\/wp-json\/wp\/v2\/types\/post"}],"author":[{"embeddable":true,"href":"https:\/\/primicias2262.com\/noticias\/wp-json\/wp\/v2\/users\/3"}],"replies":[{"embeddable":true,"href":"https:\/\/primicias2262.com\/noticias\/wp-json\/wp\/v2\/comments?post=94814"}],"version-history":[{"count":0,"href":"https:\/\/primicias2262.com\/noticias\/wp-json\/wp\/v2\/posts\/94814\/revisions"}],"wp:attachment":[{"href":"https:\/\/primicias2262.com\/noticias\/wp-json\/wp\/v2\/media?parent=94814"}],"wp:term":[{"taxonomy":"category","embeddable":true,"href":"https:\/\/primicias2262.com\/noticias\/wp-json\/wp\/v2\/categories?post=94814"},{"taxonomy":"post_tag","embeddable":true,"href":"https:\/\/primicias2262.com\/noticias\/wp-json\/wp\/v2\/tags?post=94814"}],"curies":[{"name":"wp","href":"https:\/\/api.w.org\/{rel}","templated":true}]}}