{"id":94835,"date":"2022-10-31T15:11:13","date_gmt":"2022-10-31T18:11:13","guid":{"rendered":"https:\/\/primicias2262.com\/?p=94835"},"modified":"2022-10-31T15:11:13","modified_gmt":"2022-10-31T18:11:13","slug":"britos-informo-sobre-la-movida-agenda-del-cooperativismo-a-nivel-local-y-regional","status":"publish","type":"post","link":"https:\/\/primicias2262.com\/noticias\/britos-informo-sobre-la-movida-agenda-del-cooperativismo-a-nivel-local-y-regional\/","title":{"rendered":"Britos inform\u00f3 sobre la movida agenda del cooperativismo a nivel local y regional"},"content":{"rendered":"<p>En los estudios de \u201cVoces de la Ciudad\u201d, el representante local de INAES (Instituto Nacional de Asociativismo y Econom\u00eda Social), Diego Britos, dialog\u00f3 con el periodista Jorge G\u00f3mez y cont\u00f3 detalles de diferentes reuniones que ha mantenido en los \u00faltimos meses, adem\u00e1s de brindar un interesante p\u00e1rrafo sobre el tema de la econom\u00eda popular.<\/p>\n<p>En primer t\u00e9rmino se refiri\u00f3 a cooperativismo y Cannabis, al contar que \u201cestuvimos en la Universidad Nacional del Centro, que organiz\u00f3 y nos invit\u00f3 para dar una charla sobre el cooperativismo y el cannabis, de qu\u00e9 manera est\u00e1n relacionados y de qu\u00e9 manera se pod\u00eda pensar por ejemplo en las cooperativas de plantas medicinales, que es un avance que est\u00e1 habiendo con la legalizaci\u00f3n del cultivo\u201d.<\/p>\n<p>Revel\u00f3 en tal sentido que \u201cestuvimos con la Defensor\u00eda del Pueblo, que nos dio el marco legar de la normativa vigente de la comercializaci\u00f3n del aceite de c\u00e1\u00f1amo, que promueve el desarrollo de una industria que est\u00e1 siendo un nicho de mercado hoy en d\u00eda, en el cual es importante que el sector cooperativsta se meta a trabajarlo\u201d.<\/p>\n<p>De hecho, Britos se\u00f1al\u00f3 que vieron el ejemplo de la cooperativa \u201cVerde Mar\u201d de Mar del Plata, la cual cont\u00f3 su experiencia con distintas plantas medicinales, no solo con cannabis. \u201cUn ejemplo muy bueno del desarrollo de la econom\u00eda social que genera cada vez mayor dinamismo\u201d.<\/p>\n<p>Por otra parte, el responsable de INAES en la ciudad estuvo en un Encuentro del Movimiento Evita de la 5ta Secci\u00f3n Electoral para darle m\u00e1s expansi\u00f3n a la econom\u00eda popular, acerca de lo que reflexion\u00f3 al aire que \u201cel mundo de la econom\u00eda popular es de alrededor de 4 millones de personas registradas en RENATEP, aunque se estima que sean muchas m\u00e1s\u00bb<\/p>\n<p>Explic\u00f3 que \u00ablo que hace ese mundo es darse estrategias nuevas para pensar en un esquema productivo que nos integre a todos en la secci\u00f3n. Por ejemplo, de qu\u00e9 manera la cooperativa textil de Tandil pueda ayudarnos con ropa de trabajo para nosotros ac\u00e1, y nosotros a su vez con la cooperativa de construcci\u00f3n que est\u00e1 haciendo la obra de la Feria Cuatro Estaciones en 10 y 95, ayudarlos a hacer cierto tipo de obras en San Cayetano, Tandil o Lober\u00eda. Es decir, empezar a pensar en un esquema regional, como tambi\u00e9n la producci\u00f3n de alimentos o la cuesti\u00f3n del reciclado\u201d.<\/p>\n<p>Asimismo, tambi\u00e9n mantuvo una reuni\u00f3n en La Dulce con el frente agrario Evita, lo cual estuvo atado al tema de la econom\u00eda popular. Al respecto explic\u00f3 Britos que \u201cestamos tratando de generar la mayor capacidad productiva de la ciudad en distintas actividades. Nosotros tenemos 15 unidades productivas que producen en espejos, encuadernados, construcci\u00f3n, peluquer\u00eda, rama textil, y en ese espectro de actividades est\u00e1 el frente agrario de La Dulce\u201d, aunque coincidi\u00f3 con lo referido d\u00edas atr\u00e1s por el referente local del Movimiento Evita, Luciano Lescano, en que \u201ctodav\u00eda no hay una pol\u00edtica p\u00fablica destinada a que los espacios populares tengan su propia sede\u201d.<\/p>\n<p>Finalmente, Diego Britos inform\u00f3 a la poblaci\u00f3n que \u201cestamos todos los martes de 9 a 12 en el Centro de Referencia del Ministerio de Desarrollo Social de Naci\u00f3n, en 52 y 57, atendiendo a toda persona que tenga alguna inquietud respecto a cooperativismo o mutualismo, y con reuniones con las cooperativas que se van formando o las que ya se crearon. Por eso le agradecemos a Jesica Arce, que es la referente local del CDR y nos cedi\u00f3 amablemente el lugar por un convenio entre el INAES y los CDR\u201d.<\/p>\n","protected":false},"excerpt":{"rendered":"<p>En los estudios de \u201cVoces de la Ciudad\u201d, el representante local de INAES (Instituto Nacional de Asociativismo y Econom\u00eda Social), Diego Britos, dialog\u00f3 con el periodista Jorge G\u00f3mez y cont\u00f3 detalles de diferentes reuniones que ha mantenido en los \u00faltimos meses, adem\u00e1s de brindar un interesante p\u00e1rrafo sobre el tema de la econom\u00eda popular. En [&hellip;]<\/p>\n","protected":false},"author":3,"featured_media":94836,"comment_status":"closed","ping_status":"closed","sticky":false,"template":"","format":"standard","meta":{"footnotes":""},"categories":[3],"tags":[],"class_list":["post-94835","post","type-post","status-publish","format-standard","has-post-thumbnail","category-masnoticias"],"_links":{"self":[{"href":"https:\/\/primicias2262.com\/noticias\/wp-json\/wp\/v2\/posts\/94835","targetHints":{"allow":["GET"]}}],"collection":[{"href":"https:\/\/primicias2262.com\/noticias\/wp-json\/wp\/v2\/posts"}],"about":[{"href":"https:\/\/primicias2262.com\/noticias\/wp-json\/wp\/v2\/types\/post"}],"author":[{"embeddable":true,"href":"https:\/\/primicias2262.com\/noticias\/wp-json\/wp\/v2\/users\/3"}],"replies":[{"embeddable":true,"href":"https:\/\/primicias2262.com\/noticias\/wp-json\/wp\/v2\/comments?post=94835"}],"version-history":[{"count":0,"href":"https:\/\/primicias2262.com\/noticias\/wp-json\/wp\/v2\/posts\/94835\/revisions"}],"wp:attachment":[{"href":"https:\/\/primicias2262.com\/noticias\/wp-json\/wp\/v2\/media?parent=94835"}],"wp:term":[{"taxonomy":"category","embeddable":true,"href":"https:\/\/primicias2262.com\/noticias\/wp-json\/wp\/v2\/categories?post=94835"},{"taxonomy":"post_tag","embeddable":true,"href":"https:\/\/primicias2262.com\/noticias\/wp-json\/wp\/v2\/tags?post=94835"}],"curies":[{"name":"wp","href":"https:\/\/api.w.org\/{rel}","templated":true}]}}