{"id":94841,"date":"2022-10-31T15:24:01","date_gmt":"2022-10-31T18:24:01","guid":{"rendered":"https:\/\/primicias2262.com\/?p=94841"},"modified":"2022-10-31T15:24:01","modified_gmt":"2022-10-31T18:24:01","slug":"casi-2-mil-visitantes-a-la-ciudad-y-30-hoteles-colmados-por-el-open-neco-de-voley","status":"publish","type":"post","link":"https:\/\/primicias2262.com\/noticias\/casi-2-mil-visitantes-a-la-ciudad-y-30-hoteles-colmados-por-el-open-neco-de-voley\/","title":{"rendered":"Casi 2 mil visitantes a la ciudad y 30 hoteles colmados por el \u201cOpen Neco\u201d de v\u00f3ley"},"content":{"rendered":"<p><strong>M\u00e1s all\u00e1 de lo deportivo, el secretario de Turismo, Mat\u00edas Sierra, resalt\u00f3 lo que el evento trajo aparejado en el aspecto tur\u00edstico, \u201cya que 30 hoteles de la ciudad se vieron colmados\u201d.<\/strong><\/p>\n<p>La 9na edici\u00f3n del \u201cOpen Neco\u201d de v\u00f3ley, organizado por Pablo Meana y la subcomisi\u00f3n de dicha disciplina del Club Hurac\u00e1n, tuvo un rotundo \u00e9xito en la ciudad, con la afluencia de 1700 jugadores de todo el, de las categor\u00edas Sub 14, Sub 16 y Sub 18, y con cierre en un Polideportivo Municipal colmado.<\/p>\n<p>El \u201cEdgardo Hugo Yelpo\u201d fue precisamente una diez sedes locales donde se respir\u00f3 v\u00f3ley del m\u00e1s alta nivel del viernes al domingo, y la jornada de cierra fue presenciada por el secretario de Turismo y Desarrollo Productivo, Mat\u00edas Sierra; y la directora de Deportes, Guadalupe Hern\u00e1ndez, quienes entregaron premios.<\/p>\n<p>Brindando una mirada m\u00e1s referida a lo social y tur\u00edstico del evento, Mat\u00edas Sierra destac\u00f3 que \u201ctuvimos la llegada de 1700 chicos, casi 130 delegaciones durante el fin de semana y concluimos el domingo con un excelente cierre, as\u00ed que feliz porque esto trajo aparejado todo lo tur\u00edstico, ya que 30 hoteles de la ciudad se vieron colmados con este evento\u201d.<\/p>\n<p>Adem\u00e1s, el funcionario se\u00f1al\u00f3 que \u201cpensando un poco en todo lo que dej\u00f3 la pandemia, se est\u00e1n empezando a ver de nuevo este tipo de eventos y es nuestra obligaci\u00f3n acompa\u00f1arlos, que es lo mismo que se ha visto reflejado con el Provincial de H\u00e1ndbol, el Provincial de Cestobol y en diciembre si Dios quiere se ver\u00e1 con el evento Sur Cup de f\u00fatbol, que se estar\u00e1 desarrollando con la llegada de 2 mil chicos a la ciudad\u201d.<\/p>\n","protected":false},"excerpt":{"rendered":"<p>M\u00e1s all\u00e1 de lo deportivo, el secretario de Turismo, Mat\u00edas Sierra, resalt\u00f3 lo que el evento trajo aparejado en el aspecto tur\u00edstico, \u201cya que 30 hoteles de la ciudad se vieron colmados\u201d. La 9na edici\u00f3n del \u201cOpen Neco\u201d de v\u00f3ley, organizado por Pablo Meana y la subcomisi\u00f3n de dicha disciplina del Club Hurac\u00e1n, tuvo un [&hellip;]<\/p>\n","protected":false},"author":3,"featured_media":94842,"comment_status":"closed","ping_status":"closed","sticky":false,"template":"","format":"standard","meta":{"footnotes":""},"categories":[3],"tags":[],"class_list":["post-94841","post","type-post","status-publish","format-standard","has-post-thumbnail","category-masnoticias"],"_links":{"self":[{"href":"https:\/\/primicias2262.com\/noticias\/wp-json\/wp\/v2\/posts\/94841","targetHints":{"allow":["GET"]}}],"collection":[{"href":"https:\/\/primicias2262.com\/noticias\/wp-json\/wp\/v2\/posts"}],"about":[{"href":"https:\/\/primicias2262.com\/noticias\/wp-json\/wp\/v2\/types\/post"}],"author":[{"embeddable":true,"href":"https:\/\/primicias2262.com\/noticias\/wp-json\/wp\/v2\/users\/3"}],"replies":[{"embeddable":true,"href":"https:\/\/primicias2262.com\/noticias\/wp-json\/wp\/v2\/comments?post=94841"}],"version-history":[{"count":0,"href":"https:\/\/primicias2262.com\/noticias\/wp-json\/wp\/v2\/posts\/94841\/revisions"}],"wp:attachment":[{"href":"https:\/\/primicias2262.com\/noticias\/wp-json\/wp\/v2\/media?parent=94841"}],"wp:term":[{"taxonomy":"category","embeddable":true,"href":"https:\/\/primicias2262.com\/noticias\/wp-json\/wp\/v2\/categories?post=94841"},{"taxonomy":"post_tag","embeddable":true,"href":"https:\/\/primicias2262.com\/noticias\/wp-json\/wp\/v2\/tags?post=94841"}],"curies":[{"name":"wp","href":"https:\/\/api.w.org\/{rel}","templated":true}]}}