{"id":94861,"date":"2022-11-01T13:24:34","date_gmt":"2022-11-01T16:24:34","guid":{"rendered":"https:\/\/primicias2262.com\/?p=94861"},"modified":"2022-11-01T13:24:34","modified_gmt":"2022-11-01T16:24:34","slug":"desde-el-inta-valoraron-que-las-ultimas-lluvias-sirvieron-para-largar-la-siembra-de-la-gruesa","status":"publish","type":"post","link":"https:\/\/primicias2262.com\/noticias\/desde-el-inta-valoraron-que-las-ultimas-lluvias-sirvieron-para-largar-la-siembra-de-la-gruesa\/","title":{"rendered":"Desde el INTA valoraron que las \u00faltimas lluvias sirvieron para largar la siembra de la gruesa"},"content":{"rendered":"<p><strong>As\u00ed lo confirm\u00f3 el Ing. Juan Erreguerena en \u201cVoces de la Ciudad\u201d, al graficar que \u201ca lo que ven\u00edamos estamos mucho mejor, pero estamos todav\u00eda a mitad de tiro\u201d.<\/strong><\/p>\n<p>Ante la consulta del periodista Jorge G\u00f3mez, en el contexto de una sequ\u00eda que preocupa a los productores agropecuarios, Erreguerena asegur\u00f3 que \u201clo que llovi\u00f3 sirvi\u00f3, ya que en tres d\u00edas se fueron sumando de a 10 u 11 mil\u00edmetros y as\u00ed como 30 mil\u00edmetros, entonces eso ha servido en principio cortar un poco el efecto de la sequ\u00eda sobre la cosecha fina, le da un poco de aire por unos d\u00edas hasta esperar m\u00e1s lluvias\u00bb<\/p>\n<p>Agreg\u00f3 que \u00abmuchos de los lotes que estaban preparados con barbecho largo y ten\u00edan humedad acumulada se vieron beneficiados y se lanz\u00f3 la siembra de la gruesa\u00bb.<\/p>\n<p>El ingeniero insisti\u00f3 en que \u201ctodas estas lluvias de estos d\u00edas sumaron y nos dieron un chang\u00fc\u00ed para poder largar la siembra, que era una gran preocupaci\u00f3n, y a su vez le da un poco de ox\u00edgeno por unos 7 o 10 d\u00edas de tranquilidad a la fina\u201d, y afirm\u00f3 que \u201ca lo que ven\u00edamos estamos mucho mejor, pero estamos todav\u00eda a mitad de tiro\u201d.<\/p>\n<p>En cuanto a c\u00f3mo viene el trigo, Erreguerena revel\u00f3 que \u201cnosotros trabajamos con modelos de predicci\u00f3n de rindes y nuestros modelos hablan que para los lotes en mejores condiciones ha habido una merma del potencial del rendimiento de un 25%, y para los lotes m\u00e1s castigados hasta un 48%, es decir que hay una merma de rendimiento considerable en la regi\u00f3n, m\u00e1s lo que pudo haber hecho la helada en algunos lotes de cebada\u201d.<\/p>\n<p>Es m\u00e1s, \u201cestamos entrando en una etapa de diez d\u00edas donde el riesgo es que caiga una helada, que en un a\u00f1o seco es muy com\u00fan que caiga alguna y nos pegue un susto\u201d, sostuvo.<\/p>\n<p>Por ello concluy\u00f3 que \u201clo m\u00e1s importante es que eso no suceda y ojala que de ac\u00e1 a diez d\u00edas los pron\u00f3sticos nos ayuden y recompongamos un poco m\u00e1s de humedad. Lo cr\u00edtico hoy est\u00e1 en si llega a caer una helada entre ahora y el 12 de noviembre\u2026 ah\u00ed se define una etapa cr\u00edtica\u201d.<\/p>\n<p>&nbsp;<\/p>\n","protected":false},"excerpt":{"rendered":"<p>As\u00ed lo confirm\u00f3 el Ing. Juan Erreguerena en \u201cVoces de la Ciudad\u201d, al graficar que \u201ca lo que ven\u00edamos estamos mucho mejor, pero estamos todav\u00eda a mitad de tiro\u201d. Ante la consulta del periodista Jorge G\u00f3mez, en el contexto de una sequ\u00eda que preocupa a los productores agropecuarios, Erreguerena asegur\u00f3 que \u201clo que llovi\u00f3 sirvi\u00f3, [&hellip;]<\/p>\n","protected":false},"author":3,"featured_media":94864,"comment_status":"closed","ping_status":"closed","sticky":false,"template":"","format":"standard","meta":{"footnotes":""},"categories":[3],"tags":[],"class_list":["post-94861","post","type-post","status-publish","format-standard","has-post-thumbnail","category-masnoticias"],"_links":{"self":[{"href":"https:\/\/primicias2262.com\/noticias\/wp-json\/wp\/v2\/posts\/94861","targetHints":{"allow":["GET"]}}],"collection":[{"href":"https:\/\/primicias2262.com\/noticias\/wp-json\/wp\/v2\/posts"}],"about":[{"href":"https:\/\/primicias2262.com\/noticias\/wp-json\/wp\/v2\/types\/post"}],"author":[{"embeddable":true,"href":"https:\/\/primicias2262.com\/noticias\/wp-json\/wp\/v2\/users\/3"}],"replies":[{"embeddable":true,"href":"https:\/\/primicias2262.com\/noticias\/wp-json\/wp\/v2\/comments?post=94861"}],"version-history":[{"count":0,"href":"https:\/\/primicias2262.com\/noticias\/wp-json\/wp\/v2\/posts\/94861\/revisions"}],"wp:attachment":[{"href":"https:\/\/primicias2262.com\/noticias\/wp-json\/wp\/v2\/media?parent=94861"}],"wp:term":[{"taxonomy":"category","embeddable":true,"href":"https:\/\/primicias2262.com\/noticias\/wp-json\/wp\/v2\/categories?post=94861"},{"taxonomy":"post_tag","embeddable":true,"href":"https:\/\/primicias2262.com\/noticias\/wp-json\/wp\/v2\/tags?post=94861"}],"curies":[{"name":"wp","href":"https:\/\/api.w.org\/{rel}","templated":true}]}}