{"id":94865,"date":"2022-11-01T13:38:48","date_gmt":"2022-11-01T16:38:48","guid":{"rendered":"https:\/\/primicias2262.com\/?p=94865"},"modified":"2022-11-01T13:38:48","modified_gmt":"2022-11-01T16:38:48","slug":"pilar-vitale-la-cooperativa-se-saca-adelante-trabajando-en-equipo","status":"publish","type":"post","link":"https:\/\/primicias2262.com\/noticias\/pilar-vitale-la-cooperativa-se-saca-adelante-trabajando-en-equipo\/","title":{"rendered":"Pilar Vitale: \u201cLa cooperativa se saca adelante trabajando en equipo\u201d"},"content":{"rendered":"<p>La flamante presidenta del Consejo de Administraci\u00f3n de la Usina Popular Cooperativa \u201cSebasti\u00e1n de Mar\u00eda\u201d, Pilar Vitale, se refiri\u00f3 a los desaf\u00edos que tiene por delante, y respondi\u00f3 de forma tajante que \u201cno tengo patrones como se dijo en el diario, pero s\u00ed gente con la que puedo conversar\u201d\u201d.<\/p>\n<p>En los estudios de \u201cVoces de la Ciudad\u201d, la nueva presidenta de la UPC dialog\u00f3 con el periodista Jorge G\u00f3mez, y se\u00f1al\u00f3 en primer t\u00e9rmino que \u201cno es f\u00e1cil, fue una decisi\u00f3n dif\u00edcil para m\u00ed, hace muchos a\u00f1os que estoy en la cooperativa pero no es lo mismo estar atr\u00e1s que estar en la presidencia\u2026 s\u00e9 que estoy emprendiendo un camino muy duro, m\u00e1s con las cosas que me he propuesto\u201d.<\/p>\n<p>Vitale agradeci\u00f3 a los que se fueron y le dio la bienvenida al nuevo equipo, \u201ccon el que venimos trabajando, como Eugenio Ferrario vicepresidente y Patricio Garc\u00eda de Arriba, adem\u00e1s de C\u00e9sar \u201cCorcho\u201d Arrieta y el resto del Consejo\u201d, mencion\u00f3, para asegurar que \u201chabr\u00e1 una mesa chica con la que trabajaremos para tomar las decisiones, esto se saca adelante en equipo\u201d.<\/p>\n<p>Quien reemplaza a Marta Guariglia revel\u00f3 que \u201cno pens\u00e9 que tanta gente iba a estar contenta el viernes\u201d, y enfatiz\u00f3 que \u201cyo la gan\u00e9 a la presidencia, a m\u00ed nadie me la regal\u00f3, me cost\u00f3 y estoy muy agradecida a dos personas que me ayudaron mucho, que son el intendente Arturo Rojas y el secretario del gremio, Alejandro N\u00fa\u00f1ez\u201d.<\/p>\n<p>Acto seguido afirm\u00f3 que \u201cno me conocen el car\u00e1cter si piensan que soy empleada de alguien\u2026 sin embargo todo lo vamos a conversar con la mesa chica. No tengo patrones como se dijo en el diario, pero s\u00ed gente con la que puedo conversar y tengo la suficiente humildad para consultar cuando alguna cosa se me complique\u201d.<\/p>\n<p>En cuanto a medidas, se nombr\u00f3 al pasar la deuda con la proveedora Camessa, pero Vitale tambi\u00e9n puso la lupa en los servicios de la Usina. \u201cHoy no voy a prometer nada, pero hay que reestructurar Servicios Sociales, sin cerrar ni echar a nadaie, pero si est\u00e1 dando p\u00e9rdidas hay que ver d\u00f3nde est\u00e1 el problema\u00bb<\/p>\n<p>\u00abEs un servicio muy importante para la comunidad y nosotros vinimos a darle un giro, a cambiar todo en buen sentido\u2026 la cooperativa est\u00e1 absorbiendo la p\u00e9rdida de servicios sociales y hay que darle un cambio s\u00ed o s\u00ed\u201d, destac\u00f3.<\/p>\n<p>Es en ese marco que Vitale concluy\u00f3 que \u201cla cooperativa es un barco encallado, antes lo dec\u00eda de atr\u00e1s, pero ahora lo tengo que sostener y llevar adelante con el grupo de gente que tenemos, hay un equipo con ganas de sacarlo adelante\u201d.<\/p>\n<p>Finalmente, la flamante titular resalt\u00f3 que \u201chay tres poderes grandes en Necochea, la Municipalidad, el Puerto y la Usina, y el problema de las deudas de la cooperativa no es de ahora, yo entr\u00e9 en el a\u00f1o 1995 y ya hab\u00eda deuda. No hay tarifa\u2026 estamos pagando nada de luz, pero no es la UPC, ni el gremio ni el intendente el que tiene que aumentar la tarifa, sino el gobierno\u00bb.<\/p>\n<p>\u00abSiempre vamos a tratar de dar soluci\u00f3n al usuario, pero lo cierto es que las tarifas est\u00e1n muy bajas, todo tiene un costo, todo fue subiendo y la luz qued\u00f3 rezagada\u201d, concluy\u00f3.<\/p>\n","protected":false},"excerpt":{"rendered":"<p>La flamante presidenta del Consejo de Administraci\u00f3n de la Usina Popular Cooperativa \u201cSebasti\u00e1n de Mar\u00eda\u201d, Pilar Vitale, se refiri\u00f3 a los desaf\u00edos que tiene por delante, y respondi\u00f3 de forma tajante que \u201cno tengo patrones como se dijo en el diario, pero s\u00ed gente con la que puedo conversar\u201d\u201d. En los estudios de \u201cVoces de [&hellip;]<\/p>\n","protected":false},"author":3,"featured_media":94866,"comment_status":"closed","ping_status":"closed","sticky":false,"template":"","format":"standard","meta":{"footnotes":""},"categories":[3],"tags":[],"class_list":["post-94865","post","type-post","status-publish","format-standard","has-post-thumbnail","category-masnoticias"],"_links":{"self":[{"href":"https:\/\/primicias2262.com\/noticias\/wp-json\/wp\/v2\/posts\/94865","targetHints":{"allow":["GET"]}}],"collection":[{"href":"https:\/\/primicias2262.com\/noticias\/wp-json\/wp\/v2\/posts"}],"about":[{"href":"https:\/\/primicias2262.com\/noticias\/wp-json\/wp\/v2\/types\/post"}],"author":[{"embeddable":true,"href":"https:\/\/primicias2262.com\/noticias\/wp-json\/wp\/v2\/users\/3"}],"replies":[{"embeddable":true,"href":"https:\/\/primicias2262.com\/noticias\/wp-json\/wp\/v2\/comments?post=94865"}],"version-history":[{"count":0,"href":"https:\/\/primicias2262.com\/noticias\/wp-json\/wp\/v2\/posts\/94865\/revisions"}],"wp:attachment":[{"href":"https:\/\/primicias2262.com\/noticias\/wp-json\/wp\/v2\/media?parent=94865"}],"wp:term":[{"taxonomy":"category","embeddable":true,"href":"https:\/\/primicias2262.com\/noticias\/wp-json\/wp\/v2\/categories?post=94865"},{"taxonomy":"post_tag","embeddable":true,"href":"https:\/\/primicias2262.com\/noticias\/wp-json\/wp\/v2\/tags?post=94865"}],"curies":[{"name":"wp","href":"https:\/\/api.w.org\/{rel}","templated":true}]}}