{"id":94870,"date":"2022-11-01T14:00:35","date_gmt":"2022-11-01T17:00:35","guid":{"rendered":"https:\/\/primicias2262.com\/?p=94870"},"modified":"2022-11-01T14:00:35","modified_gmt":"2022-11-01T17:00:35","slug":"el-13-de-noviembre-habra-una-salida-familiar-a-medano-blanco","status":"publish","type":"post","link":"https:\/\/primicias2262.com\/noticias\/el-13-de-noviembre-habra-una-salida-familiar-a-medano-blanco\/","title":{"rendered":"El 13 de noviembre habr\u00e1 una salida familiar a M\u00e9dano Blanco"},"content":{"rendered":"<p>Cardinal Sur Necochea Off Road anunci\u00f3 para el pr\u00f3ximo 13 de noviembre la realizaci\u00f3n de una salida familiar a M\u00e9dano Blanco, que tandr\u00e1 objetivo ser\u00e1 colectar alimentos no perecederos que ser\u00e1n donados en su totalidad a comedores de Necochea y Quequ\u00e9n.<\/p>\n<p><a href=\"https:\/\/primicias2262.com\/wp-content\/uploads\/2022\/11\/WhatsApp-Image-2022-10-31-at-5.14.24-PM.jpeg\"><img loading=\"lazy\" decoding=\"async\" class=\"alignright size-medium wp-image-94871\" src=\"https:\/\/primicias2262.com\/wp-content\/uploads\/2022\/11\/WhatsApp-Image-2022-10-31-at-5.14.24-PM-223x300.jpeg\" alt=\"\" width=\"223\" height=\"300\" \/><\/a>La partida est\u00e1 prevista a las 8 de la ma\u00f1ana desde avenida 10 y Pinolandia. Durante la estad\u00eda en M\u00e9dano Blanco habr\u00e1 servicio de cantina donde se vender\u00e1n hamburguesas, choripanes, bondiolas, gaseosas, agua caliente y tortas para el mate.<\/p>\n<p>Los organizadores de este encuentro le piden a los participantes que acerquen alimentos no perecederos, que permitir\u00e1 cumplir con el abojetivo de ayudar a distintos comedores locales.<\/p>\n","protected":false},"excerpt":{"rendered":"<p>Cardinal Sur Necochea Off Road anunci\u00f3 para el pr\u00f3ximo 13 de noviembre la realizaci\u00f3n de una salida familiar a M\u00e9dano Blanco, que tandr\u00e1 objetivo ser\u00e1 colectar alimentos no perecederos que ser\u00e1n donados en su totalidad a comedores de Necochea y Quequ\u00e9n. La partida est\u00e1 prevista a las 8 de la ma\u00f1ana desde avenida 10 y [&hellip;]<\/p>\n","protected":false},"author":3,"featured_media":94872,"comment_status":"closed","ping_status":"closed","sticky":false,"template":"","format":"standard","meta":{"footnotes":""},"categories":[3],"tags":[],"class_list":["post-94870","post","type-post","status-publish","format-standard","has-post-thumbnail","category-masnoticias"],"_links":{"self":[{"href":"https:\/\/primicias2262.com\/noticias\/wp-json\/wp\/v2\/posts\/94870","targetHints":{"allow":["GET"]}}],"collection":[{"href":"https:\/\/primicias2262.com\/noticias\/wp-json\/wp\/v2\/posts"}],"about":[{"href":"https:\/\/primicias2262.com\/noticias\/wp-json\/wp\/v2\/types\/post"}],"author":[{"embeddable":true,"href":"https:\/\/primicias2262.com\/noticias\/wp-json\/wp\/v2\/users\/3"}],"replies":[{"embeddable":true,"href":"https:\/\/primicias2262.com\/noticias\/wp-json\/wp\/v2\/comments?post=94870"}],"version-history":[{"count":0,"href":"https:\/\/primicias2262.com\/noticias\/wp-json\/wp\/v2\/posts\/94870\/revisions"}],"wp:attachment":[{"href":"https:\/\/primicias2262.com\/noticias\/wp-json\/wp\/v2\/media?parent=94870"}],"wp:term":[{"taxonomy":"category","embeddable":true,"href":"https:\/\/primicias2262.com\/noticias\/wp-json\/wp\/v2\/categories?post=94870"},{"taxonomy":"post_tag","embeddable":true,"href":"https:\/\/primicias2262.com\/noticias\/wp-json\/wp\/v2\/tags?post=94870"}],"curies":[{"name":"wp","href":"https:\/\/api.w.org\/{rel}","templated":true}]}}