{"id":94874,"date":"2022-11-01T15:28:09","date_gmt":"2022-11-01T18:28:09","guid":{"rendered":"https:\/\/primicias2262.com\/?p=94874"},"modified":"2022-11-01T15:28:09","modified_gmt":"2022-11-01T18:28:09","slug":"ana-prada-brillo-en-el-auditorio-del-centro-cultural","status":"publish","type":"post","link":"https:\/\/primicias2262.com\/noticias\/ana-prada-brillo-en-el-auditorio-del-centro-cultural\/","title":{"rendered":"Ana Prada brill\u00f3 en el auditorio del Centro Cultural"},"content":{"rendered":"<p>La artista rioplatense, Ana Prada, se present\u00f3 en el Centro Cultural Necochea Biblioteca Popular Andr\u00e9s Ferreyra (CCN\/BPAF) junto a cinco m\u00fasicos, y ante un auditorio colmado de p\u00fablico.<\/p>\n<p>La cantautora hizo un recorrido por las canciones que integran los discos anteriores \u201cSoy sola\u201d \u201cSoy pecadora\u201d y \u201csoy Otra\u201d, destac\u00e1ndose las interpretaciones de temas que llevan el mismo nombre, para pasar a la presentaci\u00f3n de su nueva producci\u00f3n \u201cNo\u201d. Entre los temas, sobresali\u00f3 \u201cNo hay verdades\u201d, canci\u00f3n que en su versi\u00f3n original grab\u00f3 con la artista Natalia Oreiro.<\/p>\n<p>En el medio del espect\u00e1culo, Prada agradeci\u00f3 a toda la gente del 100 x 100 Cultura \u2013el ciclo de recitales- y del Centro Cultural: \u201cla verdad es que son unos cracks\u201d dijo al se\u00f1alar adem\u00e1s que \u201cest\u00e1 divina Necochea, aunque me quedo con ganas de ir a la playa pero tendremos que volver en el verano y hacer algo afuera, \u00bfqu\u00e9 les parece?\u201d, le pregunt\u00f3 al p\u00fablico y se llev\u00f3 un gran aplauso.<\/p>\n<p>Para finalizar, Prada interpret\u00f3 un tema de Atahualpa Yupanqui. \u201cEs una canci\u00f3n que considero muy importante porque estoy convencida de que las luchas no se abandonan, sino que se superponen con otras\u201d.<br \/>\n\u201cEsta canci\u00f3n se la escuch\u00e9 cantar a mi padre en la guitarra y se llama \u00b4Los Hermanos\u00b4 que, con todo el respeto del mundo, me pareci\u00f3 interesante cambiarle de g\u00e9nero y cantar \u201clas Hermanas\u201d, explic\u00f3.<\/p>\n<p>Luego de dos horas de recital, la cantante le pidi\u00f3 al p\u00fablico que le diga qu\u00e9 quer\u00eda escuchar y cant\u00f3: \u201cTierra Adentro\u201d y \u201cTentempi\u00e9\u201d entre otros temas. Finalmente, cerr\u00f3 con el reconocido tema \u201cA qui\u00e9n le importa\u201d.<\/p>\n<p>Ana Prada comenz\u00f3 su carrera art\u00edstica como int\u00e9rprete a fines de los 90. A partir de 2006 comenz\u00f3 a componer canciones propias, inscribi\u00e9ndose dentro del folclore latinoamericano rioplatense con influencias de ritmos contempor\u00e1neos. La presentaci\u00f3n del domingo fue la tercera en el CCN\/BPAF.<\/p>\n","protected":false},"excerpt":{"rendered":"<p>La artista rioplatense, Ana Prada, se present\u00f3 en el Centro Cultural Necochea Biblioteca Popular Andr\u00e9s Ferreyra (CCN\/BPAF) junto a cinco m\u00fasicos, y ante un auditorio colmado de p\u00fablico. La cantautora hizo un recorrido por las canciones que integran los discos anteriores \u201cSoy sola\u201d \u201cSoy pecadora\u201d y \u201csoy Otra\u201d, destac\u00e1ndose las interpretaciones de temas que llevan [&hellip;]<\/p>\n","protected":false},"author":3,"featured_media":94875,"comment_status":"closed","ping_status":"closed","sticky":false,"template":"","format":"standard","meta":{"footnotes":""},"categories":[3],"tags":[],"class_list":["post-94874","post","type-post","status-publish","format-standard","has-post-thumbnail","category-masnoticias"],"_links":{"self":[{"href":"https:\/\/primicias2262.com\/noticias\/wp-json\/wp\/v2\/posts\/94874","targetHints":{"allow":["GET"]}}],"collection":[{"href":"https:\/\/primicias2262.com\/noticias\/wp-json\/wp\/v2\/posts"}],"about":[{"href":"https:\/\/primicias2262.com\/noticias\/wp-json\/wp\/v2\/types\/post"}],"author":[{"embeddable":true,"href":"https:\/\/primicias2262.com\/noticias\/wp-json\/wp\/v2\/users\/3"}],"replies":[{"embeddable":true,"href":"https:\/\/primicias2262.com\/noticias\/wp-json\/wp\/v2\/comments?post=94874"}],"version-history":[{"count":0,"href":"https:\/\/primicias2262.com\/noticias\/wp-json\/wp\/v2\/posts\/94874\/revisions"}],"wp:attachment":[{"href":"https:\/\/primicias2262.com\/noticias\/wp-json\/wp\/v2\/media?parent=94874"}],"wp:term":[{"taxonomy":"category","embeddable":true,"href":"https:\/\/primicias2262.com\/noticias\/wp-json\/wp\/v2\/categories?post=94874"},{"taxonomy":"post_tag","embeddable":true,"href":"https:\/\/primicias2262.com\/noticias\/wp-json\/wp\/v2\/tags?post=94874"}],"curies":[{"name":"wp","href":"https:\/\/api.w.org\/{rel}","templated":true}]}}