{"id":94887,"date":"2022-11-02T13:41:57","date_gmt":"2022-11-02T16:41:57","guid":{"rendered":"https:\/\/primicias2262.com\/?p=94887"},"modified":"2022-11-02T13:41:57","modified_gmt":"2022-11-02T16:41:57","slug":"se-aplica-el-tercer-refuerzo-anticovid-y-habra-un-festival-de-vacunas-durante-viernes-y-sabado","status":"publish","type":"post","link":"https:\/\/primicias2262.com\/noticias\/se-aplica-el-tercer-refuerzo-anticovid-y-habra-un-festival-de-vacunas-durante-viernes-y-sabado\/","title":{"rendered":"Se aplica el tercer refuerzo anticovid y habr\u00e1 un \u201cfestival de vacunas\u201d durante viernes y s\u00e1bado"},"content":{"rendered":"<p><strong>As\u00ed lo anunci\u00f3 v\u00eda telef\u00f3nica en \u201cVoces de la Ciudad\u201d la coordinadora municipal de vacunaci\u00f3n, Adriana Turiaci.<\/strong><\/p>\n<p>En di\u00e1logo con el periodista Jorge G\u00f3mez, se refiri\u00f3 primeramente a la tercera dosis de refuerzo libre y federal contra el Covid, acerca de lo que inform\u00f3 que \u201ca partir del lunes 1\u00ba estamos haciendo la tercera dosis de refuerzo, que ser\u00eda la quinta aplicaci\u00f3n para el resto de las personas que la estaban reclamando. Se hab\u00eda aplicado la quinta dosis a todas aquellas personas que ten\u00edan Sinopharm, pero ahora es para todos y no importa la vacuna que hayan tenido\u201d.<\/p>\n<p>Como prioridad, Turiaci estableci\u00f3 que \u201ces para el personal de salud en principio, mayores de 50 a\u00f1os y personas mayores de 12 a\u00f1os inmunocomprometidas\u201d, tras lo cual apunt\u00f3 que \u201ces en el Hospital Modular de lunes a viernes de 9 a 18, y esta semana puntualmente en la plaza Isabel La Cat\u00f3lica en 42 y 75, de 10 a 17 hs. Tanto en el modular como en las itinerancias tambi\u00e9n se hace triple viral y Salk en el contexto de la Campa\u00f1a Nacional, trabajamos toda la vacunaci\u00f3n en conjunto\u201d, agreg\u00f3.<\/p>\n<p>Finamente, se refiri\u00f3 al \u201cFestival de vacunas\u201d para los d\u00edas viernes 4 y s\u00e1bado 5 en la Plaza Dardo Rocha: \u201cEso tambi\u00e9n es en el marco de la Campa\u00f1a Nacional de Vacunaci\u00f3n de Sarampi\u00f3n, Polio, Rubeola y Paperas, vamos a estar conjuntamente con la Secretar\u00eda de Salud con la vacunaci\u00f3n para chicos de 13 meses a 4 a\u00f1os y llevaremos la de Covid tambi\u00e9n, y a su vez aprovecharemos para completar si alg\u00fan chico le faltan las dosis en el marco del recupero. Estaremos a partir de las 15\u201d, puntualiz\u00f3.<\/p>\n","protected":false},"excerpt":{"rendered":"<p>As\u00ed lo anunci\u00f3 v\u00eda telef\u00f3nica en \u201cVoces de la Ciudad\u201d la coordinadora municipal de vacunaci\u00f3n, Adriana Turiaci. En di\u00e1logo con el periodista Jorge G\u00f3mez, se refiri\u00f3 primeramente a la tercera dosis de refuerzo libre y federal contra el Covid, acerca de lo que inform\u00f3 que \u201ca partir del lunes 1\u00ba estamos haciendo la tercera dosis [&hellip;]<\/p>\n","protected":false},"author":3,"featured_media":94888,"comment_status":"closed","ping_status":"closed","sticky":false,"template":"","format":"standard","meta":{"footnotes":""},"categories":[3],"tags":[],"class_list":["post-94887","post","type-post","status-publish","format-standard","has-post-thumbnail","category-masnoticias"],"_links":{"self":[{"href":"https:\/\/primicias2262.com\/noticias\/wp-json\/wp\/v2\/posts\/94887","targetHints":{"allow":["GET"]}}],"collection":[{"href":"https:\/\/primicias2262.com\/noticias\/wp-json\/wp\/v2\/posts"}],"about":[{"href":"https:\/\/primicias2262.com\/noticias\/wp-json\/wp\/v2\/types\/post"}],"author":[{"embeddable":true,"href":"https:\/\/primicias2262.com\/noticias\/wp-json\/wp\/v2\/users\/3"}],"replies":[{"embeddable":true,"href":"https:\/\/primicias2262.com\/noticias\/wp-json\/wp\/v2\/comments?post=94887"}],"version-history":[{"count":0,"href":"https:\/\/primicias2262.com\/noticias\/wp-json\/wp\/v2\/posts\/94887\/revisions"}],"wp:attachment":[{"href":"https:\/\/primicias2262.com\/noticias\/wp-json\/wp\/v2\/media?parent=94887"}],"wp:term":[{"taxonomy":"category","embeddable":true,"href":"https:\/\/primicias2262.com\/noticias\/wp-json\/wp\/v2\/categories?post=94887"},{"taxonomy":"post_tag","embeddable":true,"href":"https:\/\/primicias2262.com\/noticias\/wp-json\/wp\/v2\/tags?post=94887"}],"curies":[{"name":"wp","href":"https:\/\/api.w.org\/{rel}","templated":true}]}}