{"id":94890,"date":"2022-11-02T13:47:29","date_gmt":"2022-11-02T16:47:29","guid":{"rendered":"https:\/\/primicias2262.com\/?p=94890"},"modified":"2022-11-02T13:47:29","modified_gmt":"2022-11-02T16:47:29","slug":"el-programa-coros-y-orquestas-llama-a-inscripcion-en-el-distrito-de-necochea","status":"publish","type":"post","link":"https:\/\/primicias2262.com\/noticias\/el-programa-coros-y-orquestas-llama-a-inscripcion-en-el-distrito-de-necochea\/","title":{"rendered":"El programa Coros y Orquestas llama a inscripci\u00f3n en el distrito de Necochea"},"content":{"rendered":"<p>El Programa Coros y Orquestas Bonaerenses, dependiente de la Direcci\u00f3n de Pol\u00edticas Socioeducativas de la DGCyE de la Provincia de Buenos Aires convoca a docentes de t\u00e9cnica vocal, lenguaje musical (para coro), direcci\u00f3n coral y docente integrador\/a, a pruebas de selecci\u00f3n para la cobertura de cargos vacantes para conformar el Coro Juvenil de Necochea.<\/p>\n<p>Se recibir\u00e1n inscripciones hasta el 12 de noviembre inclusive, sin excepciones y la prueba presencial se llevar\u00e1 a cabo el d\u00eda 18 de este mes.<\/p>\n<p>Bases y condiciones: https:\/\/bit.ly\/3TZChzg<br \/>\nFormulario de inscripci\u00f3n: https:\/\/forms.gle\/DiXWy4coBqf3EQu69<\/p>\n<p>Para dudas y\/o mayor informaci\u00f3n comunicarse a corosyorquestas@abc.gob.ar<\/p>\n","protected":false},"excerpt":{"rendered":"<p>El Programa Coros y Orquestas Bonaerenses, dependiente de la Direcci\u00f3n de Pol\u00edticas Socioeducativas de la DGCyE de la Provincia de Buenos Aires convoca a docentes de t\u00e9cnica vocal, lenguaje musical (para coro), direcci\u00f3n coral y docente integrador\/a, a pruebas de selecci\u00f3n para la cobertura de cargos vacantes para conformar el Coro Juvenil de Necochea. Se [&hellip;]<\/p>\n","protected":false},"author":3,"featured_media":94891,"comment_status":"closed","ping_status":"closed","sticky":false,"template":"","format":"standard","meta":{"footnotes":""},"categories":[3],"tags":[],"class_list":["post-94890","post","type-post","status-publish","format-standard","has-post-thumbnail","category-masnoticias"],"_links":{"self":[{"href":"https:\/\/primicias2262.com\/noticias\/wp-json\/wp\/v2\/posts\/94890","targetHints":{"allow":["GET"]}}],"collection":[{"href":"https:\/\/primicias2262.com\/noticias\/wp-json\/wp\/v2\/posts"}],"about":[{"href":"https:\/\/primicias2262.com\/noticias\/wp-json\/wp\/v2\/types\/post"}],"author":[{"embeddable":true,"href":"https:\/\/primicias2262.com\/noticias\/wp-json\/wp\/v2\/users\/3"}],"replies":[{"embeddable":true,"href":"https:\/\/primicias2262.com\/noticias\/wp-json\/wp\/v2\/comments?post=94890"}],"version-history":[{"count":0,"href":"https:\/\/primicias2262.com\/noticias\/wp-json\/wp\/v2\/posts\/94890\/revisions"}],"wp:attachment":[{"href":"https:\/\/primicias2262.com\/noticias\/wp-json\/wp\/v2\/media?parent=94890"}],"wp:term":[{"taxonomy":"category","embeddable":true,"href":"https:\/\/primicias2262.com\/noticias\/wp-json\/wp\/v2\/categories?post=94890"},{"taxonomy":"post_tag","embeddable":true,"href":"https:\/\/primicias2262.com\/noticias\/wp-json\/wp\/v2\/tags?post=94890"}],"curies":[{"name":"wp","href":"https:\/\/api.w.org\/{rel}","templated":true}]}}