{"id":94893,"date":"2022-11-02T13:53:35","date_gmt":"2022-11-02T16:53:35","guid":{"rendered":"https:\/\/primicias2262.com\/?p=94893"},"modified":"2022-11-02T13:53:35","modified_gmt":"2022-11-02T16:53:35","slug":"jornada-sobre-cuidados-humanizados-se-cumplieron-ampliamente-los-desafios","status":"publish","type":"post","link":"https:\/\/primicias2262.com\/noticias\/jornada-sobre-cuidados-humanizados-se-cumplieron-ampliamente-los-desafios\/","title":{"rendered":"Jornada sobre Cuidados Humanizados: \u201cSe cumplieron ampliamente los desaf\u00edos\u201d"},"content":{"rendered":"<p>As\u00ed lo resalt\u00f3 la coordinadora acad\u00e9mica del Instituto de Estudios Superiores R\u00edo Quequ\u00e9n, Lic. Marcela Abete, tras la jornada de capacitaci\u00f3n presencial y virtual que desarroll\u00f3 la instituci\u00f3n de 58 y 51 sobre Cuidados Humanizados y Seguridad del Paciente, dirigida tanto al alumnado como a agentes de salud y la comunidad.<\/p>\n<p>En di\u00e1logo con el periodista Hugo Moller, Abete mencion\u00f3 que el tema de los cuidados humanizados tiene que ver con dejar de lado la patolog\u00eda para que se tenga en cuenta lo que es la persona en s\u00ed, y \u201cfue una jornada muy linda porque no solo contamos con expositores de Necochea, sino de la Universidad de La Plata, de la Cl\u00ednica 25 de Mayo de Mar del Plata, de la gente de FEMEBA de La Plata y tambi\u00e9n del Instituto Facultar de la Ciudad Aut\u00f3noma de Buenos Aires\u201d.<\/p>\n<p>Adem\u00e1s, \u201cestuvieron presentes nuestros alumnos, alumnos de Facultar, cuidadores, asistentes terap\u00e9uticos, psic\u00f3logos y mucha gente relacionada al campo de la salud que nos acompa\u00f1\u00f3\u201d, destac\u00f3.<\/p>\n<p>A modo de balance, consider\u00f3 que \u201cse cumplieron ampliamente los desaf\u00edos porque tuvimos una amplia cantidad de personas conectadas. Para nosotros fue un desaf\u00edo porque se realiz\u00f3 de una modalidad h\u00edbrida y eso nos llev\u00f3 a tener una gran concurrencia en nuestra sala y tambi\u00e9n mucha gente de otros lugares de la provincia conectados siguiendo esta jornada\u201d.<\/p>\n<p><a href=\"https:\/\/primicias2262.com\/wp-content\/uploads\/2022\/11\/Jornada.jpeg\"><img loading=\"lazy\" decoding=\"async\" class=\"aligncenter size-large wp-image-94894\" src=\"https:\/\/primicias2262.com\/wp-content\/uploads\/2022\/11\/Jornada-1024x616.jpeg\" alt=\"\" width=\"696\" height=\"419\" \/><\/a><\/p>\n<p>En cuanto a la din\u00e1mica de la jornada, Abete describi\u00f3 que \u201cfuimos desarrollando distintas ponencias, algunas de manera virtual y otras de manera presencial, todas estaban orientadas a la capacitaci\u00f3n en el cuidado humanizado de los pacientes, y si bien la tem\u00e1tica es bastante nueva y est\u00e1 fundada en un nuevo paradigma de la enfermer\u00eda, estaba orientada a todos los profesionales de la salud, porque el tema del cuidado humanizado es algo que concierne a cualquiera que est\u00e9 trabajando como agente de salud\u201d.<\/p>\n<p>\u201cLas ponencias de nuestros expositores fueron muy valiosas y de alto contenido para los estudiantes, pero tambi\u00e9n para muchas de las personas que estuvieron de forma presencial y que actualmente se desempe\u00f1an como agentes de salud en la ciudad\u201d, concluy\u00f3 la coordinadora acad\u00e9mica del Instituto de Estudios Superiores R\u00edo Quequ\u00e9n.<\/p>\n","protected":false},"excerpt":{"rendered":"<p>As\u00ed lo resalt\u00f3 la coordinadora acad\u00e9mica del Instituto de Estudios Superiores R\u00edo Quequ\u00e9n, Lic. Marcela Abete, tras la jornada de capacitaci\u00f3n presencial y virtual que desarroll\u00f3 la instituci\u00f3n de 58 y 51 sobre Cuidados Humanizados y Seguridad del Paciente, dirigida tanto al alumnado como a agentes de salud y la comunidad. En di\u00e1logo con el [&hellip;]<\/p>\n","protected":false},"author":3,"featured_media":94896,"comment_status":"closed","ping_status":"closed","sticky":false,"template":"","format":"standard","meta":{"footnotes":""},"categories":[3],"tags":[],"class_list":["post-94893","post","type-post","status-publish","format-standard","has-post-thumbnail","category-masnoticias"],"_links":{"self":[{"href":"https:\/\/primicias2262.com\/noticias\/wp-json\/wp\/v2\/posts\/94893","targetHints":{"allow":["GET"]}}],"collection":[{"href":"https:\/\/primicias2262.com\/noticias\/wp-json\/wp\/v2\/posts"}],"about":[{"href":"https:\/\/primicias2262.com\/noticias\/wp-json\/wp\/v2\/types\/post"}],"author":[{"embeddable":true,"href":"https:\/\/primicias2262.com\/noticias\/wp-json\/wp\/v2\/users\/3"}],"replies":[{"embeddable":true,"href":"https:\/\/primicias2262.com\/noticias\/wp-json\/wp\/v2\/comments?post=94893"}],"version-history":[{"count":0,"href":"https:\/\/primicias2262.com\/noticias\/wp-json\/wp\/v2\/posts\/94893\/revisions"}],"wp:attachment":[{"href":"https:\/\/primicias2262.com\/noticias\/wp-json\/wp\/v2\/media?parent=94893"}],"wp:term":[{"taxonomy":"category","embeddable":true,"href":"https:\/\/primicias2262.com\/noticias\/wp-json\/wp\/v2\/categories?post=94893"},{"taxonomy":"post_tag","embeddable":true,"href":"https:\/\/primicias2262.com\/noticias\/wp-json\/wp\/v2\/tags?post=94893"}],"curies":[{"name":"wp","href":"https:\/\/api.w.org\/{rel}","templated":true}]}}