{"id":94898,"date":"2022-11-02T14:07:50","date_gmt":"2022-11-02T17:07:50","guid":{"rendered":"https:\/\/primicias2262.com\/?p=94898"},"modified":"2022-11-02T14:07:50","modified_gmt":"2022-11-02T17:07:50","slug":"tiene-nuevos-miembros-la-comision-directiva-del-centro-cultural","status":"publish","type":"post","link":"https:\/\/primicias2262.com\/noticias\/tiene-nuevos-miembros-la-comision-directiva-del-centro-cultural\/","title":{"rendered":"Tiene nuevos miembros la comisi\u00f3n directiva del Centro Cultural"},"content":{"rendered":"<p>La Asamblea Anual Ordinaria del Centro Cultural Necochea Biblioteca Andr\u00e9s Ferreyra (CCN\/BPAF) aprob\u00f3 ayer la Memoria, Balance y Cuadro Demostrativo del Ejercicio cerrado el 30 de junio de este a\u00f1o, y eligi\u00f3 nuevos miembros de la Comisi\u00f3n Directiva para 12 cargos que se renuevan.<\/p>\n<p>De esta manera, la actual vicepresidenta Cristina Azcueta fue elegida para un nuevo mandato de dos a\u00f1os mientras que se renovaron adem\u00e1s 3 vocales titulares por dos a\u00f1os; 4 vocales suplentes por un a\u00f1o; 2 revisores de cuentas titulares por un a\u00f1o y 2 revisores de cuentas suplentes por un a\u00f1o.<\/p>\n<p>Para estos \u00faltimos cargos, se eligieron a Luc\u00eda Uranga, M\u00f3nica Mart\u00ednez, Georgina Consigliere, Virginia Sbrizzi, Gabriela Mikkelsen Jensen, Marisa Lughercho, Juan Pablo Borrelli, Romina Corapi, Luz Beit\u00eda, Diego L\u00f3pez y Anal\u00eda Di Fonzo.<\/p>\n<p>Cabe destacar que la distribuci\u00f3n de los cargos es decir qui\u00e9n ocupar\u00e1 cada lugar, se realizar\u00e1 en una pr\u00f3xima reuni\u00f3n de la Comisi\u00f3n Directiva.<\/p>\n<p>En cuanto al Memoria y Balance aprobado en la Asamblea realizada el lunes pasado, se destaca que \u201chemos contado con el gran acompa\u00f1amiento de nuestros asociados y de la comunidad en general\u201d, en todo el per\u00edodo de pandemia que abarca 2021-2022, puesto a consideraci\u00f3n en esta oportunidad.<\/p>\n<p>Aunque, \u201ccorrelativamente, para acompa\u00f1ar el esfuerzo de los asociados, el valor de las cuotas sociales se mantuvo sin actualizar hasta julio 2022, pese al incremento exponencial del costo de los bienes y servicios\u201d.<\/p>\n<p>En cuanto al balance \u201cdebemos resaltar que por segundo a\u00f1o consecutivo el ejercicio arroja super\u00e1vit, lo que es producto de la firme decisi\u00f3n de la Comisi\u00f3n Directiva de sanear los n\u00fameros de la instituci\u00f3n, cuidando los gastos y tratando de generar otros ingresos\u201d.<\/p>\n<p>Un cap\u00edtulo aparte recibi\u00f3 los logros alcanzados entre los que se mencionaron:<\/p>\n<ul>\n<li>Convenios con la Municipalidad de Necochea para la ejecuci\u00f3n de extensiones bibliotecarias.<\/li>\n<li>Aprobaci\u00f3n con subsidio de proyectos: Programa de apoyo a Ferias del Libro (Ministerio de Cultura de Naci\u00f3n). \u201cUna tonelada de lectura\u201d. (Convocatoria Julio Verne &#8211; Fundaci\u00f3n Williams)<\/li>\n<\/ul>\n<p>La Asamblea Anual Ordinaria se realiz\u00f3 en el auditorio y fue encabezada por su presidente, Juan Marraro, acompa\u00f1ado por Luc\u00eda Uranga, Gabriel Traversini (tesorero), y el contador Germ\u00e1n Maihes.<\/p>\n","protected":false},"excerpt":{"rendered":"<p>La Asamblea Anual Ordinaria del Centro Cultural Necochea Biblioteca Andr\u00e9s Ferreyra (CCN\/BPAF) aprob\u00f3 ayer la Memoria, Balance y Cuadro Demostrativo del Ejercicio cerrado el 30 de junio de este a\u00f1o, y eligi\u00f3 nuevos miembros de la Comisi\u00f3n Directiva para 12 cargos que se renuevan. De esta manera, la actual vicepresidenta Cristina Azcueta fue elegida para [&hellip;]<\/p>\n","protected":false},"author":3,"featured_media":94899,"comment_status":"closed","ping_status":"closed","sticky":false,"template":"","format":"standard","meta":{"footnotes":""},"categories":[3],"tags":[],"class_list":["post-94898","post","type-post","status-publish","format-standard","has-post-thumbnail","category-masnoticias"],"_links":{"self":[{"href":"https:\/\/primicias2262.com\/noticias\/wp-json\/wp\/v2\/posts\/94898","targetHints":{"allow":["GET"]}}],"collection":[{"href":"https:\/\/primicias2262.com\/noticias\/wp-json\/wp\/v2\/posts"}],"about":[{"href":"https:\/\/primicias2262.com\/noticias\/wp-json\/wp\/v2\/types\/post"}],"author":[{"embeddable":true,"href":"https:\/\/primicias2262.com\/noticias\/wp-json\/wp\/v2\/users\/3"}],"replies":[{"embeddable":true,"href":"https:\/\/primicias2262.com\/noticias\/wp-json\/wp\/v2\/comments?post=94898"}],"version-history":[{"count":0,"href":"https:\/\/primicias2262.com\/noticias\/wp-json\/wp\/v2\/posts\/94898\/revisions"}],"wp:attachment":[{"href":"https:\/\/primicias2262.com\/noticias\/wp-json\/wp\/v2\/media?parent=94898"}],"wp:term":[{"taxonomy":"category","embeddable":true,"href":"https:\/\/primicias2262.com\/noticias\/wp-json\/wp\/v2\/categories?post=94898"},{"taxonomy":"post_tag","embeddable":true,"href":"https:\/\/primicias2262.com\/noticias\/wp-json\/wp\/v2\/tags?post=94898"}],"curies":[{"name":"wp","href":"https:\/\/api.w.org\/{rel}","templated":true}]}}