{"id":94925,"date":"2022-11-03T15:32:58","date_gmt":"2022-11-03T18:32:58","guid":{"rendered":"https:\/\/primicias2262.com\/?p=94925"},"modified":"2022-11-03T15:32:58","modified_gmt":"2022-11-03T18:32:58","slug":"precisamos-que-el-incremento-que-se-de-en-paritarias-se-refleje-en-las-tasas-municipales","status":"publish","type":"post","link":"https:\/\/primicias2262.com\/noticias\/precisamos-que-el-incremento-que-se-de-en-paritarias-se-refleje-en-las-tasas-municipales\/","title":{"rendered":"\u201cPrecisamos que el incremento que se d\u00e9 en paritarias se refleje en las tasas municipales\u201d"},"content":{"rendered":"<p>As\u00ed lo advirti\u00f3 el intendente Arturo Rojas, al referirse a la situaci\u00f3n financiera del municipio y la paritaria con los trabajadores, afirmando que \u201cno puedo llevar el aumento (de las paritarias al infinito) porque cae la cobrabilidad con el vecino\u201d, y poniendo un interrogante sobre el 20% de aumento en enero 2023 que el Sindicato de Trabajadores Municipales no pretende negociar: \u201cEsperemos que entre el 8 y el 20% pueda haber alg\u00fan acuerdo en el que podamos nosotros comprometernos y pagarlo\u201d, argument\u00f3.<\/p>\n<p>En la ma\u00f1ana de \u201cVoces de la Ciudad\u201d, el Intendente habl\u00f3 de manera extensa con el periodista Jorge G\u00f3mez, y en la primera parte se ocup\u00f3 de analizar y explicar la situaci\u00f3n financiera de la comuna, asegurando que \u201cla cuesti\u00f3n de los n\u00fameros es algo que seguimos permanentemente, porque sin una buena administraci\u00f3n no se puede hace nada, ven\u00edamos de un municipio fundido y con d\u00e9ficit cr\u00f3nico y hemos podido revertir esa situaci\u00f3n\u201d.<\/p>\n<p>\u201cPero (enfatiz\u00f3 el pero Rojas) la situaci\u00f3n macroecon\u00f3mica golpea y fuerte no solo en el bolsillo de los trabajadores, vecinos y empresas, sino tambi\u00e9n en el Estado Municipal que compra insumos como cualquier empresa para prestar servicios, insumos que van desde combustible para los veh\u00edculos a todo lo que tiene que ver con parte de librer\u00eda\u2026 e insumos hospitalarios, que en muchos casos van por encima de la inflaci\u00f3n y eso golpea las arcas municipales, por eso tenemos que ir monitoreando constantemente\u201d.<\/p>\n<p>Adem\u00e1s, explic\u00f3 de forma previa que \u201cpara la Municipalidad la mitad de los recursos vienen de la coparticipaci\u00f3n, que somos todos los bonaerenses que tributamos y de lo cual vuelve muy poquito a los municipios, y es un sistema muy injusto en el que deber\u00edamos tener autonom\u00eda, y la otra mitad de los recursos nuestros vienen del pago de las tasas de los vecinos\u201d.<\/p>\n<p>Fue en ese momento que asegur\u00f3 que \u201ct\u00e9cnicamente, la paritaria est\u00e1 cerrada con los incrementos del 14% de octubre y diciembre pr\u00f3ximo; se plante\u00f3 de volver a reabrir en enero y obvio nosotros sab\u00edamos que se pod\u00eda dar que la inflaci\u00f3n fuera superando la paritaria, pero nosotros a su vez tenemos que ser muy responsables porque administramos los recursos de los vecinos y las tasas se discuten solo una vez al a\u00f1o\u201d.<\/p>\n<p>Sigui\u00f3 esgrimiendo que \u201cm\u00e1s de la mitad de nuestros recursos van a parar a salarios y a eso se le suman horas extras y termina siendo mayor el volumen, por eso precisamos que el incremento que se d\u00e9 en paritarias pr\u00e1cticamente se refleje en las tasas municipales, y por eso yo no puedo llevarlo al infinito al aumento, con un incremento de paritarias al 100% por m\u00e1s que la inflaci\u00f3n sea de ese porcentaje, ya que no hay forma de que al vecino le aumente un 100% de tasas y que la recaudaci\u00f3n siga a los mismos niveles que tenemos hoy\u201d.<\/p>\n<p>\u201cA veces lo aument\u00e1s y te cae la cobrabilidad\u201d, previ\u00f3 Rojas, \u201centonces lo que hay ahora es un pedido de reapertura del gremio y lo que estamos viendo nosotros es de qu\u00e9 manera nos podemos comprometer con algo que podamos pagar\u201d, entre lo cual \u201cofrecimos un bono de 20 mil pesos y un pago del 8% que est\u00e1 por reverse al mes de enero a cuenta de la futura paritaria\u201d.<\/p>\n<p>Con respecto a ello, el gremio plante\u00f3 un 20% del cual no admite discusi\u00f3n, cosa que Rojas contragolpe\u00f3 deslizando que \u201cesperemos que entre el 8 y el 20% pueda haber alg\u00fan acuerdo en el que podamos nosotros comprometernos y pagarlo. Las paritarias han sido de marzo a marzo siempre, y por primera vez estamos haciendo de marzo a diciembre, de nueve meses y no de 12\u201d.<\/p>\n<p>Finalmente, el intendente termin\u00f3 enfatizando que \u201cnosotros le vamos a demostrar a los vecinos, a los trabajadores y a la oposici\u00f3n, que mucha veces habla sin saber, que hemos sido, somos y seremos muy austeros a la hora de administrar los recursos de los vecinos, y el municipio no est\u00e1 solo para pagar salarios, sino para prestar servicios tambi\u00e9n\u201d.<\/p>\n","protected":false},"excerpt":{"rendered":"<p>As\u00ed lo advirti\u00f3 el intendente Arturo Rojas, al referirse a la situaci\u00f3n financiera del municipio y la paritaria con los trabajadores, afirmando que \u201cno puedo llevar el aumento (de las paritarias al infinito) porque cae la cobrabilidad con el vecino\u201d, y poniendo un interrogante sobre el 20% de aumento en enero 2023 que el Sindicato [&hellip;]<\/p>\n","protected":false},"author":3,"featured_media":94926,"comment_status":"closed","ping_status":"closed","sticky":false,"template":"","format":"standard","meta":{"footnotes":""},"categories":[3],"tags":[],"class_list":["post-94925","post","type-post","status-publish","format-standard","has-post-thumbnail","category-masnoticias"],"_links":{"self":[{"href":"https:\/\/primicias2262.com\/noticias\/wp-json\/wp\/v2\/posts\/94925","targetHints":{"allow":["GET"]}}],"collection":[{"href":"https:\/\/primicias2262.com\/noticias\/wp-json\/wp\/v2\/posts"}],"about":[{"href":"https:\/\/primicias2262.com\/noticias\/wp-json\/wp\/v2\/types\/post"}],"author":[{"embeddable":true,"href":"https:\/\/primicias2262.com\/noticias\/wp-json\/wp\/v2\/users\/3"}],"replies":[{"embeddable":true,"href":"https:\/\/primicias2262.com\/noticias\/wp-json\/wp\/v2\/comments?post=94925"}],"version-history":[{"count":0,"href":"https:\/\/primicias2262.com\/noticias\/wp-json\/wp\/v2\/posts\/94925\/revisions"}],"wp:attachment":[{"href":"https:\/\/primicias2262.com\/noticias\/wp-json\/wp\/v2\/media?parent=94925"}],"wp:term":[{"taxonomy":"category","embeddable":true,"href":"https:\/\/primicias2262.com\/noticias\/wp-json\/wp\/v2\/categories?post=94925"},{"taxonomy":"post_tag","embeddable":true,"href":"https:\/\/primicias2262.com\/noticias\/wp-json\/wp\/v2\/tags?post=94925"}],"curies":[{"name":"wp","href":"https:\/\/api.w.org\/{rel}","templated":true}]}}