{"id":94931,"date":"2022-11-03T15:50:01","date_gmt":"2022-11-03T18:50:01","guid":{"rendered":"https:\/\/primicias2262.com\/?p=94931"},"modified":"2022-11-03T15:50:01","modified_gmt":"2022-11-03T18:50:01","slug":"martin-migueles-quiere-implementar-las-habilitaciones-expres-para-comercios","status":"publish","type":"post","link":"https:\/\/primicias2262.com\/noticias\/martin-migueles-quiere-implementar-las-habilitaciones-expres-para-comercios\/","title":{"rendered":"Mart\u00edn Migueles quiere implementar las habilitaciones expr\u00e9s para comercios"},"content":{"rendered":"<p>El precandidato a intendente de Juntos por el Cambio, Mart\u00edn Migueles, inform\u00f3 que viene trabajando con la idea de implementar en Necochea las habilitaciones expr\u00e9s, dando as\u00ed un importante paso en lo que respecta a su idea de empezar a facilitar los tr\u00e1mites y la apertura de locales a quienes producen y generan empleo en el distrito.<\/p>\n<p>En un principio, tuvo una reuni\u00f3n con el intendente de Mar del Plata, Guillermo Montenegro, dado que en dicha ciudad se est\u00e1 intentando aplicar el mismo sistema para los comercios e industrias que se quieran instalar all\u00ed de aqu\u00ed en adelante.<\/p>\n<p>Al conocer esta novedad, Migueles mantuvo un di\u00e1logo con el jefe comunal de General Pueyrred\u00f3n, que le facilit\u00f3 el proyecto original para que pueda adaptarse a nuestra ciudad.<br \/>\nEste proyecto, junto con todo un combo de medidas que el referente local de Juntos ya est\u00e1 trabajando de cara al 2023, ya fue presentado ante la C\u00e1mara Comercial e Industrial de Necochea y Quequ\u00e9n.<\/p>\n<p>\u00abTenemos que terminar con el Viacrucis de las habilitaciones, que obliga al inversor a pasar por un mont\u00f3n de oficinas y perder tiempo valioso. El que genera locales abiertos, emprendimientos y empleo genuino no puede tener tantas trabas, que se suman a la catarata de tasas e impuestos que los ahogan mes a mes. Tienen que poder hacer todo por internet y en el d\u00eda\u00bb, dijo Mart\u00edn Migueles.<\/p>\n<p>\u00abTengo clar\u00edsimo que ellos representan a uno de los sectores que m\u00e1s empleo privado genera en Necochea, pero necesitan una mano para aliviarlos de tanta burocracia y cargas Impositivas que les caen de todos lados. Estamos camino a eso\u00bb, asegur\u00f3.<\/p>\n","protected":false},"excerpt":{"rendered":"<p>El precandidato a intendente de Juntos por el Cambio, Mart\u00edn Migueles, inform\u00f3 que viene trabajando con la idea de implementar en Necochea las habilitaciones expr\u00e9s, dando as\u00ed un importante paso en lo que respecta a su idea de empezar a facilitar los tr\u00e1mites y la apertura de locales a quienes producen y generan empleo en [&hellip;]<\/p>\n","protected":false},"author":3,"featured_media":94932,"comment_status":"closed","ping_status":"closed","sticky":false,"template":"","format":"standard","meta":{"footnotes":""},"categories":[5],"tags":[],"class_list":{"0":"post-94931","1":"post","2":"type-post","3":"status-publish","4":"format-standard","5":"has-post-thumbnail","7":"category-neco"},"_links":{"self":[{"href":"https:\/\/primicias2262.com\/noticias\/wp-json\/wp\/v2\/posts\/94931","targetHints":{"allow":["GET"]}}],"collection":[{"href":"https:\/\/primicias2262.com\/noticias\/wp-json\/wp\/v2\/posts"}],"about":[{"href":"https:\/\/primicias2262.com\/noticias\/wp-json\/wp\/v2\/types\/post"}],"author":[{"embeddable":true,"href":"https:\/\/primicias2262.com\/noticias\/wp-json\/wp\/v2\/users\/3"}],"replies":[{"embeddable":true,"href":"https:\/\/primicias2262.com\/noticias\/wp-json\/wp\/v2\/comments?post=94931"}],"version-history":[{"count":0,"href":"https:\/\/primicias2262.com\/noticias\/wp-json\/wp\/v2\/posts\/94931\/revisions"}],"wp:featuredmedia":[{"embeddable":true,"href":"https:\/\/primicias2262.com\/noticias\/wp-json\/"}],"wp:attachment":[{"href":"https:\/\/primicias2262.com\/noticias\/wp-json\/wp\/v2\/media?parent=94931"}],"wp:term":[{"taxonomy":"category","embeddable":true,"href":"https:\/\/primicias2262.com\/noticias\/wp-json\/wp\/v2\/categories?post=94931"},{"taxonomy":"post_tag","embeddable":true,"href":"https:\/\/primicias2262.com\/noticias\/wp-json\/wp\/v2\/tags?post=94931"}],"curies":[{"name":"wp","href":"https:\/\/api.w.org\/{rel}","templated":true}]}}