{"id":94934,"date":"2022-11-03T15:56:40","date_gmt":"2022-11-03T18:56:40","guid":{"rendered":"https:\/\/primicias2262.com\/?p=94934"},"modified":"2022-11-03T15:56:40","modified_gmt":"2022-11-03T18:56:40","slug":"dirigentes-de-supara-celebran-contar-con-la-explotacion-del-camping-por-otros-20-anos","status":"publish","type":"post","link":"https:\/\/primicias2262.com\/noticias\/dirigentes-de-supara-celebran-contar-con-la-explotacion-del-camping-por-otros-20-anos\/","title":{"rendered":"Dirigentes de SUPARA celebran contar con la explotaci\u00f3n del camping por otros 20 a\u00f1os"},"content":{"rendered":"<p>D\u00edas atr\u00e1s, el Concejo Deliberante aprob\u00f3 por mayor\u00eda el proyecto de ordenanza que autoriza al Departamento Ejecutivo, encabezado por el intendente Arturo Rojas, a suscribir la tenencia precaria de uso y explotaci\u00f3n por 20 a\u00f1os m\u00e1s de la Unidad Tur\u00edstica Fiscal lote 4 y lote 5 sector Las Grutas, m\u00e1s conocido como el predio de camping de SUPARA (Sindicato \u00danico Personal Aduanero Rep\u00fablica Argentina).<\/p>\n<p>Por tal motivo, uno de los integrantes de la conducci\u00f3n nacional, Luis \u201cOso\u201d Gallardo, estuvos en los estudios de \u201cVoces de la Ciudad\u201d, celebrando la confianza mostrada entre las partes para continuar con la explotaci\u00f3n de un predio paradisiaco a metros del mar. Gallardo estuvo acompa\u00f1ado de la administradora del camping, Lili Mansi.<\/p>\n<p>En di\u00e1logo con el periodista Jorge G\u00f3mez, Gallardo manifest\u00f3 que \u201cestamos muy contentos porque venimos desde el a\u00f1o 1993, apostamos a Necochea en su momento y volvemos a apostar con una felicidad b\u00e1rbara a nivel nacional tambi\u00e9n. De hecho, me llam\u00f3 muy contento despu\u00e9s de lo del Concejo el secretario General a nivel nacional de SUPARA, Carlos Sueyro, porque siempre apostamos a esta ciudad y estamos abiertos todo el a\u00f1o\u201d.<\/p>\n<p>El camping de SUPARA, junto al de otros gremios en la continuaci\u00f3n de la calle 10 hacia el sur, es un lugar maravilloso en la costa dotado de caba\u00f1as y servicios, al cual Gallardo asegur\u00f3 que \u201cvienen turistas de todo el pa\u00eds a descansar y se van encantados por la tranquilidad que hay, las playas que tenemos y los servicios que les brindamos, as\u00ed que estamos muy contentos\u201d, y a\u00f1adi\u00f3 que \u201cvamos a hacer reformas en las caba\u00f1as y darle m\u00e1s vida al proyecto, adem\u00e1s de los bungalows tenemos camping para carpas, pileta y quincho\u201d.<\/p>\n<p>\u201cCuando arrancamos en ese lugar no hab\u00eda nada, est\u00e1bamos los gremios solos y hoy con el correr de los a\u00f1os vemos que la proyecci\u00f3n de Necochea es para ese lado\u201d, se\u00f1al\u00f3 ilusionado Luis Gallardo en el final de la nota.<\/p>\n","protected":false},"excerpt":{"rendered":"<p>D\u00edas atr\u00e1s, el Concejo Deliberante aprob\u00f3 por mayor\u00eda el proyecto de ordenanza que autoriza al Departamento Ejecutivo, encabezado por el intendente Arturo Rojas, a suscribir la tenencia precaria de uso y explotaci\u00f3n por 20 a\u00f1os m\u00e1s de la Unidad Tur\u00edstica Fiscal lote 4 y lote 5 sector Las Grutas, m\u00e1s conocido como el predio de [&hellip;]<\/p>\n","protected":false},"author":3,"featured_media":94935,"comment_status":"closed","ping_status":"closed","sticky":false,"template":"","format":"standard","meta":{"footnotes":""},"categories":[3],"tags":[],"class_list":["post-94934","post","type-post","status-publish","format-standard","has-post-thumbnail","category-masnoticias"],"_links":{"self":[{"href":"https:\/\/primicias2262.com\/noticias\/wp-json\/wp\/v2\/posts\/94934","targetHints":{"allow":["GET"]}}],"collection":[{"href":"https:\/\/primicias2262.com\/noticias\/wp-json\/wp\/v2\/posts"}],"about":[{"href":"https:\/\/primicias2262.com\/noticias\/wp-json\/wp\/v2\/types\/post"}],"author":[{"embeddable":true,"href":"https:\/\/primicias2262.com\/noticias\/wp-json\/wp\/v2\/users\/3"}],"replies":[{"embeddable":true,"href":"https:\/\/primicias2262.com\/noticias\/wp-json\/wp\/v2\/comments?post=94934"}],"version-history":[{"count":0,"href":"https:\/\/primicias2262.com\/noticias\/wp-json\/wp\/v2\/posts\/94934\/revisions"}],"wp:attachment":[{"href":"https:\/\/primicias2262.com\/noticias\/wp-json\/wp\/v2\/media?parent=94934"}],"wp:term":[{"taxonomy":"category","embeddable":true,"href":"https:\/\/primicias2262.com\/noticias\/wp-json\/wp\/v2\/categories?post=94934"},{"taxonomy":"post_tag","embeddable":true,"href":"https:\/\/primicias2262.com\/noticias\/wp-json\/wp\/v2\/tags?post=94934"}],"curies":[{"name":"wp","href":"https:\/\/api.w.org\/{rel}","templated":true}]}}