{"id":94937,"date":"2022-11-03T16:01:06","date_gmt":"2022-11-03T19:01:06","guid":{"rendered":"https:\/\/primicias2262.com\/?p=94937"},"modified":"2022-11-03T16:01:06","modified_gmt":"2022-11-03T19:01:06","slug":"este-viernes-de-15-a-16-se-modificara-el-recorrido-centrico-de-las-lineas-de-micros","status":"publish","type":"post","link":"https:\/\/primicias2262.com\/noticias\/este-viernes-de-15-a-16-se-modificara-el-recorrido-centrico-de-las-lineas-de-micros\/","title":{"rendered":"Este viernes de 15 a 16 se modificar\u00e1 el recorrido c\u00e9ntrico de las l\u00edneas de micros"},"content":{"rendered":"<p><strong>Con motivo de una jornada de educaci\u00f3n vial en el Excolegio Nacional, las l\u00edneas 502 y 503 de Nueva Pompeya, y 510, 511, 512, 513 y 518 de Transporte Necochea cambiar\u00e1n brevemente su trazado.<\/strong><\/p>\n<p>Debido a la jornada de educaci\u00f3n vial que se program\u00f3 de forma conjunta entre la Escuela Normal Superior \u201cJos\u00e9 Manuel Estrada\u201d y la Municipalidad para este viernes 4, de 15 a 16 hs., la Direcci\u00f3n de Transporte comunic\u00f3 que algunas de las l\u00edneas del servicio p\u00fablico de pasajeros ver\u00e1n modificado su recorrido durante ese lapso de tiempo.<\/p>\n<p>La dependencia municipal que funciona a cargo de Facundo Croci, puntualiz\u00f3 al respecto que las l\u00edneas que cambiar\u00e1n su recorrido en el horario se\u00f1alado son la 502 y 503 de la empresa Nueva Pompeya; y la 510, 511, 512, 513 y 518 de la empresa Transportes Necochea.<\/p>\n<p>La instituci\u00f3n educativa mencionada se encuentra en calle 57 entre 58 y 60, por lo que las l\u00edneas mencionadas que llegan desde Av. 59 y doblan en la esquina de 56, en lugar de seguir su trazado habitual por calle 57, seguir\u00e1n por la 56 hasta la calle 53, donde doblar\u00e1n en direcci\u00f3n a calle 60 y por esta retomar\u00e1n nuevamente hacia 59. Asimismo, se ver\u00e1 afectado el recorrido de ida de la l\u00ednea 502.<\/p>\n<p><a href=\"https:\/\/primicias2262.com\/wp-content\/uploads\/2022\/11\/Placa-1.jpeg\"><img loading=\"lazy\" decoding=\"async\" class=\"aligncenter size-large wp-image-94939\" src=\"https:\/\/primicias2262.com\/wp-content\/uploads\/2022\/11\/Placa-1-791x1024.jpeg\" alt=\"\" width=\"696\" height=\"901\" \/><\/a><\/p>\n<p><a href=\"https:\/\/primicias2262.com\/wp-content\/uploads\/2022\/11\/Placa-2.jpeg\"><img loading=\"lazy\" decoding=\"async\" class=\"aligncenter size-large wp-image-94940\" src=\"https:\/\/primicias2262.com\/wp-content\/uploads\/2022\/11\/Placa-2-791x1024.jpeg\" alt=\"\" width=\"696\" height=\"901\" \/><\/a><\/p>\n<p>&nbsp;<\/p>\n","protected":false},"excerpt":{"rendered":"<p>Con motivo de una jornada de educaci\u00f3n vial en el Excolegio Nacional, las l\u00edneas 502 y 503 de Nueva Pompeya, y 510, 511, 512, 513 y 518 de Transporte Necochea cambiar\u00e1n brevemente su trazado. Debido a la jornada de educaci\u00f3n vial que se program\u00f3 de forma conjunta entre la Escuela Normal Superior \u201cJos\u00e9 Manuel Estrada\u201d [&hellip;]<\/p>\n","protected":false},"author":3,"featured_media":94938,"comment_status":"closed","ping_status":"closed","sticky":false,"template":"","format":"standard","meta":{"footnotes":""},"categories":[3],"tags":[],"class_list":["post-94937","post","type-post","status-publish","format-standard","has-post-thumbnail","category-masnoticias"],"_links":{"self":[{"href":"https:\/\/primicias2262.com\/noticias\/wp-json\/wp\/v2\/posts\/94937","targetHints":{"allow":["GET"]}}],"collection":[{"href":"https:\/\/primicias2262.com\/noticias\/wp-json\/wp\/v2\/posts"}],"about":[{"href":"https:\/\/primicias2262.com\/noticias\/wp-json\/wp\/v2\/types\/post"}],"author":[{"embeddable":true,"href":"https:\/\/primicias2262.com\/noticias\/wp-json\/wp\/v2\/users\/3"}],"replies":[{"embeddable":true,"href":"https:\/\/primicias2262.com\/noticias\/wp-json\/wp\/v2\/comments?post=94937"}],"version-history":[{"count":0,"href":"https:\/\/primicias2262.com\/noticias\/wp-json\/wp\/v2\/posts\/94937\/revisions"}],"wp:attachment":[{"href":"https:\/\/primicias2262.com\/noticias\/wp-json\/wp\/v2\/media?parent=94937"}],"wp:term":[{"taxonomy":"category","embeddable":true,"href":"https:\/\/primicias2262.com\/noticias\/wp-json\/wp\/v2\/categories?post=94937"},{"taxonomy":"post_tag","embeddable":true,"href":"https:\/\/primicias2262.com\/noticias\/wp-json\/wp\/v2\/tags?post=94937"}],"curies":[{"name":"wp","href":"https:\/\/api.w.org\/{rel}","templated":true}]}}