{"id":94953,"date":"2022-11-04T18:34:29","date_gmt":"2022-11-04T21:34:29","guid":{"rendered":"https:\/\/primicias2262.com\/?p=94953"},"modified":"2022-11-04T18:34:29","modified_gmt":"2022-11-04T21:34:29","slug":"la-operatoria-de-puerto-quequen-se-ve-interrumpida-este-viernes-por-un-paro-de-fempinra","status":"publish","type":"post","link":"https:\/\/primicias2262.com\/noticias\/la-operatoria-de-puerto-quequen-se-ve-interrumpida-este-viernes-por-un-paro-de-fempinra\/","title":{"rendered":"La operatoria de Puerto Quequ\u00e9n se ve interrumpida este viernes por un paro de FeMPINRA"},"content":{"rendered":"<p><strong>Gustavo Gavil\u00e1n, titular de Dragado y Balizamiento e integrante de la FeMPINRA, se\u00f1al\u00f3 en \u201cVoces de la Ciudad\u201d que todos los puertos del pa\u00eds se sumaron al reclamo del Puerto Metropolitano de Buenos Aires y durante 24 horas no estar\u00e1n operativos.<\/strong><\/p>\n<p>En \u201cVoces de la Ciudad\u201d, el gremialista local le confirm\u00f3 al periodista Jorge G\u00f3mez v\u00eda telef\u00f3nica que \u201cel paro de actividades del Puerto metropolitano de Capital se extiende en el pa\u00eds. Hasta ayer era un paro solo en el Puerto Metropolitano, pero a \u00faltimo momento se pusieron de acuerdo y han decidido sumar a los puertos del interior para movilizar a m\u00e1s cantidad de afiliados y porque consideran que es un reclamo nacional\u201d.<\/p>\n<p>Por tal motivo, \u201cesto va a interrumpir la operatoria del Puerto durante 24 horas (este viernes)\u201d confirm\u00f3 Gavil\u00e1n, aunque aclar\u00f3 que no habr\u00eda ning\u00fan acto a nivel local y que s\u00ed viajar\u00edan a la concentraci\u00f3n es en Buenos Aires.<\/p>\n<p>\u201cEl paro es por 24 horas, es de todos los puertos a nivel nacional que incluye a Puerto Quequ\u00e9n, de los gremios nucleados dentro de FeMPINRA, que son casi todos excepto dos\u201d, acot\u00f3 Gavil\u00e1n.<\/p>\n<p>Vale destacar que , al respecto, el titular nacional de Dragado y Balizamiento, Juan Carlos Schmid, manifest\u00f3 que \u201clos reclamos de la Federaci\u00f3n son de vieja data, y los funcionarios responsables no gestionaron alguna soluci\u00f3n\u201d.<\/p>\n<p>Los reclamos puntuales de la Fempinra son \u00abla derogaci\u00f3n del decreto 870\/18 y revisi\u00f3n del decreto 817\/92 en las concesiones del Puerto de Buenos Aires y la implementaci\u00f3n de medidas p\u00fablicas concretas para la reglamentaci\u00f3n de la Ley de Marina Mercante 27419\u00bb.<\/p>\n<p>La entidad demanda, adem\u00e1s, \u00abel cumplimiento de la Ley de Cabotaje; la resoluci\u00f3n de la problem\u00e1tica de formaci\u00f3n y titulaci\u00f3n, y la incorporaci\u00f3n del sistema fluvio-mar\u00edtimo de carga en los programas de desarrollo del Ministerio de Transporte\u00bb.<\/p>\n<p>Asimismo, la dirigencia del sector exige la \u00abrestituci\u00f3n de los art\u00edculos 10 y 13 de la Ley 24718 de Promoci\u00f3n de la Industria Naval; la derogaci\u00f3n del decreto 909\/94 R\u00e9gimen de importaci\u00f3n de buques usados; esclarecer la pol\u00edtica operativa en la V\u00eda Navegable Troncal, implementando resoluciones en resguardo del cabotaje nacional; la Construcci\u00f3n del Canal Magdalena y la quita del impuesto a las Ganancias\u00bb.<\/p>\n<p>En ese marco, advirtieron que el conflicto del \u00e1rea portuario-mar\u00edtimo, llevado adelante por 18 gremios representados por la FeMPINRA, \u00abafectar\u00e1 a la navegaci\u00f3n interior, la actividad mar\u00edtima, los puertos y los astilleros\u00bb.<\/p>\n","protected":false},"excerpt":{"rendered":"<p>Gustavo Gavil\u00e1n, titular de Dragado y Balizamiento e integrante de la FeMPINRA, se\u00f1al\u00f3 en \u201cVoces de la Ciudad\u201d que todos los puertos del pa\u00eds se sumaron al reclamo del Puerto Metropolitano de Buenos Aires y durante 24 horas no estar\u00e1n operativos. En \u201cVoces de la Ciudad\u201d, el gremialista local le confirm\u00f3 al periodista Jorge G\u00f3mez [&hellip;]<\/p>\n","protected":false},"author":3,"featured_media":83084,"comment_status":"closed","ping_status":"closed","sticky":false,"template":"","format":"standard","meta":{"footnotes":""},"categories":[3],"tags":[],"class_list":["post-94953","post","type-post","status-publish","format-standard","has-post-thumbnail","category-masnoticias"],"_links":{"self":[{"href":"https:\/\/primicias2262.com\/noticias\/wp-json\/wp\/v2\/posts\/94953","targetHints":{"allow":["GET"]}}],"collection":[{"href":"https:\/\/primicias2262.com\/noticias\/wp-json\/wp\/v2\/posts"}],"about":[{"href":"https:\/\/primicias2262.com\/noticias\/wp-json\/wp\/v2\/types\/post"}],"author":[{"embeddable":true,"href":"https:\/\/primicias2262.com\/noticias\/wp-json\/wp\/v2\/users\/3"}],"replies":[{"embeddable":true,"href":"https:\/\/primicias2262.com\/noticias\/wp-json\/wp\/v2\/comments?post=94953"}],"version-history":[{"count":0,"href":"https:\/\/primicias2262.com\/noticias\/wp-json\/wp\/v2\/posts\/94953\/revisions"}],"wp:attachment":[{"href":"https:\/\/primicias2262.com\/noticias\/wp-json\/wp\/v2\/media?parent=94953"}],"wp:term":[{"taxonomy":"category","embeddable":true,"href":"https:\/\/primicias2262.com\/noticias\/wp-json\/wp\/v2\/categories?post=94953"},{"taxonomy":"post_tag","embeddable":true,"href":"https:\/\/primicias2262.com\/noticias\/wp-json\/wp\/v2\/tags?post=94953"}],"curies":[{"name":"wp","href":"https:\/\/api.w.org\/{rel}","templated":true}]}}