{"id":94955,"date":"2022-11-04T18:39:51","date_gmt":"2022-11-04T21:39:51","guid":{"rendered":"https:\/\/primicias2262.com\/?p=94955"},"modified":"2022-11-04T18:39:51","modified_gmt":"2022-11-04T21:39:51","slug":"mario-goicoechea-analizaria-anotarse-como-candidato-a-la-intendencia","status":"publish","type":"post","link":"https:\/\/primicias2262.com\/noticias\/mario-goicoechea-analizaria-anotarse-como-candidato-a-la-intendencia\/","title":{"rendered":"Mario Goicoechea analizar\u00eda anotarse como candidato a la Intendencia"},"content":{"rendered":"<p><strong>El ingeniero quien ya fuera postulante a este cargo en Necochea en 2015 habr\u00eda escuchado y tomado nota del inter\u00e9s de parte de allegados que aspiran a que su nombre encabece un proyecto pol\u00edtico en representaci\u00f3n del peronismo, dentro del Frente de Todos, en el proceso electoral a darse el pr\u00f3ximo a\u00f1o.<\/strong><\/p>\n<p><strong><a href=\"https:\/\/primicias2262.com\/wp-content\/uploads\/2021\/08\/Gomez.jpg\"><img loading=\"lazy\" decoding=\"async\" class=\"alignleft size-medium wp-image-80409\" src=\"https:\/\/primicias2262.com\/wp-content\/uploads\/2021\/08\/Gomez-269x300.jpg\" alt=\"\" width=\"269\" height=\"300\" \/><\/a>Por Jorge G\u00f3mez<\/strong><\/p>\n<p>Cuando se est\u00e1 a punto de cumplirse un a\u00f1o de la \u00faltima convocatoria electoral -noviembre de 2021, comicio de medio t\u00e9rmino- y se est\u00e1 a menos de un ejercicio del venidero comicio -primarias en agosto y generales en octubre, con posible segunda vuelta para elegir presidente y vice en noviembre de 2023-, los rumores, intenciones, planes y trascendidos sobre presuntas aspiraciones pol\u00edticas para el pr\u00f3ximo a\u00f1o empiezan a cobrar cierto cuerpo y contenido.<\/p>\n<p>Mientras estas \u00faltimas son conocidas y empiezan a anotarse para ver con el paso de los meses la validaci\u00f3n y el inter\u00e9s de la ciudadan\u00eda -ocupada con otra agenda, con prioridad en la problem\u00e1tica inflacionaria-, una de ellas estar\u00eda siendo estudiada y analizada por quien fuera postulante a la Intendencia de Necochea en 2015, el ingeniero Mario Goicoechea, ex presidente del Consorcio de Gesti\u00f3n del Puerto de Quequ\u00e9n y con una banca en el actual directorio del ente portuario, como as\u00ed titular de la C\u00e1mara de Profesionales de Puerto Quequ\u00e9n (CAPROQ).<\/p>\n<p>Trascendi\u00f3 que militantes y algunos dirigentes -que pidieron reserva de identidad- habr\u00edan interesado en las \u00faltimas horas al citado Goicoechea para que vuelva a competir en nombre del peronismo local, y por dentro del Frente de Todos, por la conducci\u00f3n del Departamento Ejecutivo de la comuna necochense.<\/p>\n<p>Los escasos datos colectados, tras no m\u00e1s de tres reuniones llevadas a cabo en forma aislada y privada -quinchos y comedores familiares- dan cuenta que Goicoechea habr\u00eda escuchado la propuesta y la invitaci\u00f3n de aquellos terceros, sin dar respuesta alguna, pero dejando su contestaci\u00f3n para m\u00e1s adelante, tras querer cotejarlo en t\u00e9rminos familiares como as\u00ed de tomarse cierto tiempo para analizar el contexto de poner en marcha, con su nombre propio, otra carrera pol\u00edtico-electoral en el terru\u00f1o.<\/p>\n","protected":false},"excerpt":{"rendered":"<p>El ingeniero quien ya fuera postulante a este cargo en Necochea en 2015 habr\u00eda escuchado y tomado nota del inter\u00e9s de parte de allegados que aspiran a que su nombre encabece un proyecto pol\u00edtico en representaci\u00f3n del peronismo, dentro del Frente de Todos, en el proceso electoral a darse el pr\u00f3ximo a\u00f1o. Por Jorge G\u00f3mez [&hellip;]<\/p>\n","protected":false},"author":3,"featured_media":90688,"comment_status":"closed","ping_status":"closed","sticky":false,"template":"","format":"standard","meta":{"footnotes":""},"categories":[3],"tags":[],"class_list":["post-94955","post","type-post","status-publish","format-standard","has-post-thumbnail","category-masnoticias"],"_links":{"self":[{"href":"https:\/\/primicias2262.com\/noticias\/wp-json\/wp\/v2\/posts\/94955","targetHints":{"allow":["GET"]}}],"collection":[{"href":"https:\/\/primicias2262.com\/noticias\/wp-json\/wp\/v2\/posts"}],"about":[{"href":"https:\/\/primicias2262.com\/noticias\/wp-json\/wp\/v2\/types\/post"}],"author":[{"embeddable":true,"href":"https:\/\/primicias2262.com\/noticias\/wp-json\/wp\/v2\/users\/3"}],"replies":[{"embeddable":true,"href":"https:\/\/primicias2262.com\/noticias\/wp-json\/wp\/v2\/comments?post=94955"}],"version-history":[{"count":0,"href":"https:\/\/primicias2262.com\/noticias\/wp-json\/wp\/v2\/posts\/94955\/revisions"}],"wp:attachment":[{"href":"https:\/\/primicias2262.com\/noticias\/wp-json\/wp\/v2\/media?parent=94955"}],"wp:term":[{"taxonomy":"category","embeddable":true,"href":"https:\/\/primicias2262.com\/noticias\/wp-json\/wp\/v2\/categories?post=94955"},{"taxonomy":"post_tag","embeddable":true,"href":"https:\/\/primicias2262.com\/noticias\/wp-json\/wp\/v2\/tags?post=94955"}],"curies":[{"name":"wp","href":"https:\/\/api.w.org\/{rel}","templated":true}]}}