{"id":94957,"date":"2022-11-04T20:15:37","date_gmt":"2022-11-04T23:15:37","guid":{"rendered":"https:\/\/primicias2262.com\/?p=94957"},"modified":"2022-11-04T20:15:37","modified_gmt":"2022-11-04T23:15:37","slug":"el-observatorio-municipal-guio-una-jornada-de-educacion-vial-con-alumnos-del-colegio-nacional","status":"publish","type":"post","link":"https:\/\/primicias2262.com\/noticias\/el-observatorio-municipal-guio-una-jornada-de-educacion-vial-con-alumnos-del-colegio-nacional\/","title":{"rendered":"El Observatorio Municipal gui\u00f3 una jornada de Educaci\u00f3n Vial con alumnos del Colegio Nacional"},"content":{"rendered":"<p><strong>\u201cCasi cerrando el ciclo lectivo podemos decir que hemos capacitado a m\u00e1s de 950 alumnos con sus padres y docentes\u201d, resalt\u00f3 el subsecretario de Ordenamiento Urbano y Fiscalizaci\u00f3n, Walter Calabretta.<\/strong><\/p>\n<p>Con la participaci\u00f3n de alumnos del Jard\u00edn de Infantes y Primaria del Colegio Nacional, m\u00e1s la comunidad educativa de dicho establecimiento hist\u00f3rico de la ciudad, se realiz\u00f3 en la Plaza Dardo Rocha una jornada de Educaci\u00f3n Vial y concientizaci\u00f3n, guiada por el Observatorio Vial Municipal, organismo creado por el intendente Arturo Rojas en 2020.<\/p>\n<p>Con punto de concentraci\u00f3n en la esquina de Av. 59 y 60, la din\u00e1mica de la actividad contempl\u00f3 dos grupos de alumnos que transitaron en el interior de la plaza del centro con sus bicicletas o monopatines, siguiendo la gu\u00eda de los agentes municipales y respetando las diferentes se\u00f1ales de tr\u00e1nsito o situaciones que se presentaban delante de ellos con la idea de que empiecen a respetarlas y tomar conciencia desde peque\u00f1os, hasta llegar al establecimiento educativo de calle 57 entre 58 y 60.<\/p>\n<div class=\"wp-block-media-text alignwide is-stacked-on-mobile\">\n<div class=\"wp-block-media-text__content\">\n<p>Walter Calabretta, subsecretario de Ordenamiento Urbano y Fiscalizaci\u00f3n, \u00e1rea dependiente de la Secretar\u00eda de Gobierno, resalt\u00f3 posteriormente al recorrido que \u201ca instancias de una propuesta del Colegio Nacional se arm\u00f3 este circuito de Educaci\u00f3n Vial guiado desde el Observatorio Vial Municipal, que de alguna forma concluye con todo el trabajo que se vino haciendo a lo largo del a\u00f1o\u201d.<\/p>\n<p>El funcionario valor\u00f3 que \u201cha sido un proceso de acompa\u00f1amiento a las instituciones educativas porque previamente se estuvieron dando charlas y lo que logramos fue una sinergia entre el inter\u00e9s de los directivos del establecimiento educativo y el inter\u00e9s marcado y la preocupaci\u00f3n que tiene hoy el Estado Municipal en materia de seguridad vial\u201d.<\/p>\n<\/div>\n<\/div>\n<p>A continuaci\u00f3n, Calabretta puso en contexto que \u201cel observatorio se cre\u00f3 en 2020 por un pedido del Intendente (Arturo Rojas) por su preocupaci\u00f3n en materia de seguridad vial, a partir de eso se empez\u00f3 a trabajar con escuelas y distintos establecimientos y hoy tenemos la s\u00edntesis del trabajo a lo largo del a\u00f1o, y casi cerrando el ciclo lectivo podemos decir que hemos capacitado a m\u00e1s de 950 alumnos, con sus padres y docentes\u201d.<\/p>\n<p>Asimismo, asegur\u00f3 que \u201ces una idea que se proyecta a sostener a lo largo del tiempo porque sabemos que la educaci\u00f3n es una de las patas fundamentales para ir reduciendo en el mediano plazo la siniestralidad vial\u201d, y no soslay\u00f3 \u201cel trabajo que se hizo tambi\u00e9n desde la Secretar\u00eda de Desarrollo Humano, que aport\u00f3 maquetas y actuaciones con personas con movilidad reducida, para simular un escenario lo m\u00e1s real posible para que los m\u00e1s chiquitos tomaran dimensi\u00f3n de la importancia de ser conductores responsables y de preservar la vida de ellos y la de los dem\u00e1s, as\u00ed que estamos muy contentos\u201d.<\/p>\n<p>Asimismo, asegur\u00f3 que \u201ces una idea que se proyecta a sostener a lo largo del tiempo porque sabemos que la educaci\u00f3n es una de las patas fundamentales para ir reduciendo en el mediano plazo la siniestralidad vial\u201d, y no soslay\u00f3 \u201cel trabajo que se hizo tambi\u00e9n desde la Secretar\u00eda de Desarrollo Humano, que aport\u00f3 maquetas y actuaciones con personas con movilidad reducida, para simular un escenario lo m\u00e1s real posible para que los m\u00e1s chiquitos tomaran dimensi\u00f3n de la importancia de ser conductores responsables y de preservar la vida de ellos y la de los dem\u00e1s, as\u00ed que estamos muy contentos\u201d.<\/p>\n<figure class=\"wp-block-audio\"><\/figure>\n","protected":false},"excerpt":{"rendered":"<p>\u201cCasi cerrando el ciclo lectivo podemos decir que hemos capacitado a m\u00e1s de 950 alumnos con sus padres y docentes\u201d, resalt\u00f3 el subsecretario de Ordenamiento Urbano y Fiscalizaci\u00f3n, Walter Calabretta. Con la participaci\u00f3n de alumnos del Jard\u00edn de Infantes y Primaria del Colegio Nacional, m\u00e1s la comunidad educativa de dicho establecimiento hist\u00f3rico de la ciudad, [&hellip;]<\/p>\n","protected":false},"author":3,"featured_media":94958,"comment_status":"closed","ping_status":"closed","sticky":false,"template":"","format":"standard","meta":{"footnotes":""},"categories":[3],"tags":[],"class_list":["post-94957","post","type-post","status-publish","format-standard","has-post-thumbnail","category-masnoticias"],"_links":{"self":[{"href":"https:\/\/primicias2262.com\/noticias\/wp-json\/wp\/v2\/posts\/94957","targetHints":{"allow":["GET"]}}],"collection":[{"href":"https:\/\/primicias2262.com\/noticias\/wp-json\/wp\/v2\/posts"}],"about":[{"href":"https:\/\/primicias2262.com\/noticias\/wp-json\/wp\/v2\/types\/post"}],"author":[{"embeddable":true,"href":"https:\/\/primicias2262.com\/noticias\/wp-json\/wp\/v2\/users\/3"}],"replies":[{"embeddable":true,"href":"https:\/\/primicias2262.com\/noticias\/wp-json\/wp\/v2\/comments?post=94957"}],"version-history":[{"count":0,"href":"https:\/\/primicias2262.com\/noticias\/wp-json\/wp\/v2\/posts\/94957\/revisions"}],"wp:attachment":[{"href":"https:\/\/primicias2262.com\/noticias\/wp-json\/wp\/v2\/media?parent=94957"}],"wp:term":[{"taxonomy":"category","embeddable":true,"href":"https:\/\/primicias2262.com\/noticias\/wp-json\/wp\/v2\/categories?post=94957"},{"taxonomy":"post_tag","embeddable":true,"href":"https:\/\/primicias2262.com\/noticias\/wp-json\/wp\/v2\/tags?post=94957"}],"curies":[{"name":"wp","href":"https:\/\/api.w.org\/{rel}","templated":true}]}}