{"id":94970,"date":"2022-11-05T16:53:48","date_gmt":"2022-11-05T19:53:48","guid":{"rendered":"https:\/\/primicias2262.com\/?p=94970"},"modified":"2022-11-05T16:53:48","modified_gmt":"2022-11-05T19:53:48","slug":"este-lunes-habra-asueto-para-los-trabajadores-municipales","status":"publish","type":"post","link":"https:\/\/primicias2262.com\/noticias\/este-lunes-habra-asueto-para-los-trabajadores-municipales\/","title":{"rendered":"Este lunes habr\u00e1 asueto para los trabajadores municipales"},"content":{"rendered":"<p><strong>El pr\u00f3ximo martes 8 de noviembre se celebra el D\u00eda del Trabajador Municipal, y ante una solicitud del Sindicato de Trabajadores Municipales, el Departamento Ejecutivo, a trav\u00e9s del intendente Arturo Rojas, hizo lugar al pedido y otorg\u00f3 el feriado para el primer d\u00eda h\u00e1bil de la semana.<\/strong><\/p>\n<p>La Municipalidad de Necochea informa que este lunes 7 de noviembre ser\u00e1 asueto para todos los trabajadores municipales, seg\u00fan lo establecido por Decreto municipal que asienta que el Departamento Ejecutivo otorga dicho feriado en virtud del D\u00eda del Trabajador Municipal que se celebra cada 8 de noviembre y que este a\u00f1o cae martes.<\/p>\n<p>En este sentido, el Ejecutivo hace lugar al pedido del Sindicato de Trabajadores Municipales de adelantar el feriado, al se\u00f1alar en la nota que lleva la firma del intendente Arturo Rojas y de la secretaria de Gobierno, Gabriela G\u00f3ngora, que se \u201cestima procedente otorgar asueto para el d\u00eda lunes 07\/11\/22 para el personal municipal y delegaciones municipales\u201d.<\/p>\n","protected":false},"excerpt":{"rendered":"<p>El pr\u00f3ximo martes 8 de noviembre se celebra el D\u00eda del Trabajador Municipal, y ante una solicitud del Sindicato de Trabajadores Municipales, el Departamento Ejecutivo, a trav\u00e9s del intendente Arturo Rojas, hizo lugar al pedido y otorg\u00f3 el feriado para el primer d\u00eda h\u00e1bil de la semana. La Municipalidad de Necochea informa que este lunes [&hellip;]<\/p>\n","protected":false},"author":3,"featured_media":74666,"comment_status":"closed","ping_status":"closed","sticky":false,"template":"","format":"standard","meta":{"footnotes":""},"categories":[3],"tags":[],"class_list":["post-94970","post","type-post","status-publish","format-standard","has-post-thumbnail","category-masnoticias"],"_links":{"self":[{"href":"https:\/\/primicias2262.com\/noticias\/wp-json\/wp\/v2\/posts\/94970","targetHints":{"allow":["GET"]}}],"collection":[{"href":"https:\/\/primicias2262.com\/noticias\/wp-json\/wp\/v2\/posts"}],"about":[{"href":"https:\/\/primicias2262.com\/noticias\/wp-json\/wp\/v2\/types\/post"}],"author":[{"embeddable":true,"href":"https:\/\/primicias2262.com\/noticias\/wp-json\/wp\/v2\/users\/3"}],"replies":[{"embeddable":true,"href":"https:\/\/primicias2262.com\/noticias\/wp-json\/wp\/v2\/comments?post=94970"}],"version-history":[{"count":0,"href":"https:\/\/primicias2262.com\/noticias\/wp-json\/wp\/v2\/posts\/94970\/revisions"}],"wp:attachment":[{"href":"https:\/\/primicias2262.com\/noticias\/wp-json\/wp\/v2\/media?parent=94970"}],"wp:term":[{"taxonomy":"category","embeddable":true,"href":"https:\/\/primicias2262.com\/noticias\/wp-json\/wp\/v2\/categories?post=94970"},{"taxonomy":"post_tag","embeddable":true,"href":"https:\/\/primicias2262.com\/noticias\/wp-json\/wp\/v2\/tags?post=94970"}],"curies":[{"name":"wp","href":"https:\/\/api.w.org\/{rel}","templated":true}]}}