{"id":94987,"date":"2022-11-05T21:00:17","date_gmt":"2022-11-06T00:00:17","guid":{"rendered":"https:\/\/primicias2262.com\/?p=94987"},"modified":"2022-11-05T21:00:17","modified_gmt":"2022-11-06T00:00:17","slug":"buenos-aires-primero-el-vecinalismo-con-arturo-rojas-presente-se-reunio-en-olavarria","status":"publish","type":"post","link":"https:\/\/primicias2262.com\/noticias\/buenos-aires-primero-el-vecinalismo-con-arturo-rojas-presente-se-reunio-en-olavarria\/","title":{"rendered":"Buenos Aires Primero: el vecinalismo, con Arturo Rojas presente, se reuni\u00f3 en Olavarr\u00eda"},"content":{"rendered":"<p><strong>M\u00e1s de 120 congresales se llegaron este s\u00e1bado 5 de noviembre al vecino distrito. Definieron la conducci\u00f3n del sector y aprobaron la creaci\u00f3n del instituto de pol\u00edticas vecinalistas. El pr\u00f3ximo encuentro tendr\u00e1 lugar en Necochea, en marzo de 2023, siendo anfitri\u00f3n el jefe comunal local.<\/strong><\/p>\n<p>Por Jorge G\u00f3mez<\/p>\n<p>El vecinalismo de la Provincia de Buenos Aires se reuni\u00f3 este s\u00e1bado en Olavarr\u00eda con un r\u00e9cord de asistentes y delegaciones municipales por distrito, m\u00e1s la afirmaci\u00f3n del liderazgo de los 4 intendentes de ese sector provincial, Guillermo Britos (Chivilcoy), Carlos Bevilacqua (Villarino), Arturo Rojas (Necochea) y Juan Nosetti (Saliquel\u00f3), se llev\u00f3 adelante el IV Congreso de Buenos Aires Primero (BAP).<\/p>\n<p>La agrupaci\u00f3n Somos Olavarr\u00eda, que tiene como referente a Alexander Aquila, fue la anfitriona del encuentro que tuvo lugar en la Sociedad Espa\u00f1ola. Los distintos distritos representados por sus autoridades y referentes aprobaron en general la institucionalizaci\u00f3n partidaria de BAP.<\/p>\n<p>De esta manera, se constituy\u00f3 \u201cla herramienta para la participaci\u00f3n electoral en 2023 por fuera de los frentes que simbolizan la grieta\u201d se destac\u00f3.<\/p>\n<p>Asistieron m\u00e1s de 120 congresales que tambi\u00e9n aprobaron \u201cpor unanimidad la novedosa creaci\u00f3n del Instituto de Pol\u00edticas Vecinalistas (IPOVE), con el objeto de reunir all\u00ed a todos sus cuadros t\u00e9cnicos y elaborar por primera vez una plataforma vecinalista para toda la provincia de Buenos Aires\u201d.<\/p>\n<p>Los intendentes presentes llamaron a fortalecer BAP y ampliar la representaci\u00f3n vecinalista en las ocho secciones electorales y cada uno de los 135 municipios bonaerenses.<\/p>\n<p>Por su parte, el platense y coordinador de BAP Facundo Zald\u00faa, destac\u00f3 \u201cel incremento sostenido de referentes vecinalistas y el proceso irreversible de unidad de acci\u00f3n y contenidos del vecinalismo bonaerense\u201d.<\/p>\n<p>Con ello, Zald\u00faa ratific\u00f3 lo anunciado por el intendente de Necochea, Arturo Rojas, y se fij\u00f3 un nuevo plenario para el mes de marzo del a\u00f1o 2023. Y adelant\u00f3 tambi\u00e9n, que la primera actividad del IPOVE ser\u00e1 a fines de noviembre en La Plata.<\/p>\n<p><strong>Declaraci\u00f3n final<\/strong><br \/>\n\u201cEl vecinalismo, como alternativa y propuesta de la buena pol\u00edtica\u201d es el t\u00edtulo del comunicado que se emiti\u00f3 como declaraci\u00f3n final del IV Congreso Vecinalista de la Provincia de Buenos Aires.<\/p>\n<p>Se defini\u00f3 como primer aspecto, \u201ciniciar el proceso de institucionalizaci\u00f3n del espacio Buenos Aires Primero (BAP), en toda la provincia de Buenos Aires, las 8 secciones electorales y los 135 municipios bonaerenses, instando a su conclusi\u00f3n definitiva previamente a la realizaci\u00f3n del V Congreso a celebrarse en la ciudad de Necochea en marzo de 2023\u201d.<\/p>\n<p>En segunda instancia, se plante\u00f3 \u201cconstituir la Junta Promotora de Buenos Aires Primero\u201d, ratificando la conducci\u00f3n partidaria colegiada por parte de los intendentes Guillermo Britos (Chivilcoy), Carlos Bevilacqua (Villarino), Arturo Rojas (Necochea) y Juan Nosetti (Salliquel\u00f3), junto a la Coordinaci\u00f3n General de Facundo Zald\u00faa (La Plata).<\/p>\n<p>Luego se designar\u00e1n los \u201cResponsables de Organizaci\u00f3n Seccionales en las ocho secciones electorales\u201d.<\/p>\n<p>M\u00e1s adelante se acord\u00f3 \u201cfacultar a la coordinaci\u00f3n general de BAP para llevar adelante la integridad del proceso de organizaci\u00f3n partidaria y articulaci\u00f3n con los referentes seccionales y municipales\u201d.<\/p>\n<p>Por \u00faltimo, se decidi\u00f3 la creaci\u00f3n del IPOVE \u201ccon el objeto de que sea el medio id\u00f3neo y adecuado para el dise\u00f1o de las pol\u00edticas p\u00fablicas del vecinalismo bonaerense y tambi\u00e9n el convocante de diferentes sectores y fuerzas vivas de nuestras comunidades\u201d. Con ello se busca \u201cproponer un proyecto de gobierno com\u00fan a nivel de municipios y de la Provincia para 2023\u201d.<\/p>\n<p><strong>Asistentes<\/strong><br \/>\nEstuvieron en Olavarr\u00eda y firmaron ambos documentos, los referentes de casi 30 municipios.<\/p>\n<p>Tomaron parte las agrupaciones vecinalistas Primero Chivilcoy, Acci\u00f3n por Villarino, Nueva Necochea, Uni\u00f3n Vecinal Salliquelo, Tiempo de Vecinos TIVE Tres de Febrero, Encuentro Vecinal en Acci\u00f3n Moreno, Vecinos Solidarios de Almirante Brown, Ser Platense, Vecinos Unidos La Plata, Podemos Azul, Primero Chacabuco, Todos Por Saavedra, Primero Lincoln, Unidos Por Casares, Todos por Puan, Somos Olavarr\u00eda, BAP Jun\u00edn, BAP Salto, BAP Capit\u00e1n Sarmiento, Bien Com\u00fan por Rosales y dirigentes vecinalistas de Dolores, Carmen de Areco, Pergamino, San Pedro, Bragado, Baradero, Merlo, Tigre y Buenos Aires Primero.<\/p>\n<p><strong>FOTO: Central de Noticias (Olavarr\u00eda)<\/strong><\/p>\n","protected":false},"excerpt":{"rendered":"<p>M\u00e1s de 120 congresales se llegaron este s\u00e1bado 5 de noviembre al vecino distrito. Definieron la conducci\u00f3n del sector y aprobaron la creaci\u00f3n del instituto de pol\u00edticas vecinalistas. El pr\u00f3ximo encuentro tendr\u00e1 lugar en Necochea, en marzo de 2023, siendo anfitri\u00f3n el jefe comunal local. Por Jorge G\u00f3mez El vecinalismo de la Provincia de Buenos [&hellip;]<\/p>\n","protected":false},"author":3,"featured_media":94988,"comment_status":"closed","ping_status":"closed","sticky":false,"template":"","format":"standard","meta":{"footnotes":""},"categories":[3],"tags":[],"class_list":["post-94987","post","type-post","status-publish","format-standard","has-post-thumbnail","category-masnoticias"],"_links":{"self":[{"href":"https:\/\/primicias2262.com\/noticias\/wp-json\/wp\/v2\/posts\/94987","targetHints":{"allow":["GET"]}}],"collection":[{"href":"https:\/\/primicias2262.com\/noticias\/wp-json\/wp\/v2\/posts"}],"about":[{"href":"https:\/\/primicias2262.com\/noticias\/wp-json\/wp\/v2\/types\/post"}],"author":[{"embeddable":true,"href":"https:\/\/primicias2262.com\/noticias\/wp-json\/wp\/v2\/users\/3"}],"replies":[{"embeddable":true,"href":"https:\/\/primicias2262.com\/noticias\/wp-json\/wp\/v2\/comments?post=94987"}],"version-history":[{"count":0,"href":"https:\/\/primicias2262.com\/noticias\/wp-json\/wp\/v2\/posts\/94987\/revisions"}],"wp:attachment":[{"href":"https:\/\/primicias2262.com\/noticias\/wp-json\/wp\/v2\/media?parent=94987"}],"wp:term":[{"taxonomy":"category","embeddable":true,"href":"https:\/\/primicias2262.com\/noticias\/wp-json\/wp\/v2\/categories?post=94987"},{"taxonomy":"post_tag","embeddable":true,"href":"https:\/\/primicias2262.com\/noticias\/wp-json\/wp\/v2\/tags?post=94987"}],"curies":[{"name":"wp","href":"https:\/\/api.w.org\/{rel}","templated":true}]}}