{"id":94990,"date":"2022-11-06T18:21:41","date_gmt":"2022-11-06T21:21:41","guid":{"rendered":"https:\/\/primicias2262.com\/?p=94990"},"modified":"2022-11-06T18:21:41","modified_gmt":"2022-11-06T21:21:41","slug":"cardinal-sur-necochea-anuncia-una-salida-familiar-a-medano-blanco-para-el-domingo-13","status":"publish","type":"post","link":"https:\/\/primicias2262.com\/noticias\/cardinal-sur-necochea-anuncia-una-salida-familiar-a-medano-blanco-para-el-domingo-13\/","title":{"rendered":"\u201cCardinal Sur Necochea\u201d anuncia una salida familiar a M\u00e9dano Blanco para el domingo 13"},"content":{"rendered":"<p>La actividad es gratuita y solo se pide un alimento no perecedero para colaborar con comedores de Necochea y Quequ\u00e9n. Se partir\u00e1 desde las 8.30 de la ma\u00f1ana en Pinolandia y 10.<\/p>\n<p>El domingo 13 de noviembre se viene una nueva traves\u00eda hasta el M\u00e9dano Blanco, organizada por la Asociaci\u00f3n Civil \u201cCardinal Sur Necochea\u201d, que el a\u00f1o pasado reuni\u00f3 a 280 veh\u00edculos y este a\u00f1o estar\u00eda por encima d elos 500.<\/p>\n<p>En los estudios de \u201cVoces de la Ciudad\u201d dialog\u00f3 con el periodista Jorge G\u00f3mez uno d elos integrantes de dicha asociaci\u00f3n, Carlos \u00c1lvarez, quien especific\u00f3 que el evento se denomina \u201cCardinal Sud Off Road\u201d y es de participaci\u00f3n totalmente gratuita y se utiliza para juntar alimentos no perecederos que ser\u00e1n donados a comedores de Necochea y Quequ\u00e9n como Preciosa Semilla, Mateo o Doscientas Sonrisas, entre otros.<\/p>\n<p>La salida est\u00e1 programada para las 8.30 de la ma\u00f1ana y el lugar de encuentro es en Pinolandia y Av. 10, desde donde se\u00f1al\u00f3 \u00c1lvarez que \u201ciremos con destino al m\u00e9dano blanco, ya que hay mucha gente de Necochea que no lo conoce. Nosotros lo que hacemos es acompa\u00f1ar y asistir a la gente que pueda ir en su veh\u00edculo, asistirlos y darles una mano, asegurarnos de que lleguen\u201d.<\/p>\n<p>Una vez en el m\u00e9dano, la Asociaci\u00f3n Civil presentar\u00e1 tambi\u00e9n un servicio de cantina, en la que habr\u00e1 hamburguesas, choripanes, bondiolas, gaseosas, agua caliente y tortas para el mate, todo a un precio econ\u00f3mico.<\/p>\n<p>En cuanto a las expectativas previas, el titular de Ferreter\u00eda La Costa anticip\u00f3 que son muy buenas, al referenciar que \u201cla \u00faltima vez se juntaron 280 veh\u00edculos y por la gente que viene confirmando yo creo que ahora vamos a superar los 500 veh\u00edculos\u201d, de hecho, revel\u00f3 que \u201cCoordinamos con hoteles y campings y ya vienen confirmando, hasta turismo de Mar del Plata tendremos, e incluso viene gente de Mendoza\u201d.<\/p>\n<p>Asimismo, los interesados podr\u00e1n consultar por el evento en las p\u00e1ginas de Facebook e Instagram de Cardinal Sur Necochea: \u201cAh\u00ed se van agregando y les pasamos un grupo de WhatsApp donde somos m\u00e1s de 300 personas\u201d, manifest\u00f3 \u00c1lvarez, quien a su vez destac\u00f3 el apoyo de la Secretar\u00eda de Turismo de la comuna y de Tr\u00e1nsito \u201cpara darnos una mano en cortar las calles y acompa\u00f1arnos hasta la salida\u201d.<\/p>\n<p>Acerca de la traves\u00eda, \u00c1lvarez adelant\u00f3 en el cierre que \u201csaldremos por la Av. 2 y cuando ya no hay balnearios nos dividimos en dos grupos: uno va por abajo y otro por senderos marcados por los m\u00e9danos. Pasando los molinos del Parque E\u00f3lico es reci\u00e9n donde se baja a la playa, y desde ah\u00ed tenemos casi 36 kil\u00f3metros hasta el m\u00e9dano\u00bb<\/p>\n<p>\u00abSe circula muy despacio, se pasa Punta Negra, Punta Florida y El Zanj\u00f3n\u2026 a la gente le gusta ir tranquila y nosotros tomamos precauciones y evitamos que se circule por cualquier lado. Es una movida importante que tambi\u00e9n afecta para bien al rubro tur\u00edstico, a hoteles, caba\u00f1as y campings\u201d, agreg\u00f3.<\/p>\n","protected":false},"excerpt":{"rendered":"<p>La actividad es gratuita y solo se pide un alimento no perecedero para colaborar con comedores de Necochea y Quequ\u00e9n. Se partir\u00e1 desde las 8.30 de la ma\u00f1ana en Pinolandia y 10. El domingo 13 de noviembre se viene una nueva traves\u00eda hasta el M\u00e9dano Blanco, organizada por la Asociaci\u00f3n Civil \u201cCardinal Sur Necochea\u201d, que [&hellip;]<\/p>\n","protected":false},"author":3,"featured_media":94991,"comment_status":"closed","ping_status":"closed","sticky":false,"template":"","format":"standard","meta":{"footnotes":""},"categories":[3],"tags":[],"class_list":["post-94990","post","type-post","status-publish","format-standard","has-post-thumbnail","category-masnoticias"],"_links":{"self":[{"href":"https:\/\/primicias2262.com\/noticias\/wp-json\/wp\/v2\/posts\/94990","targetHints":{"allow":["GET"]}}],"collection":[{"href":"https:\/\/primicias2262.com\/noticias\/wp-json\/wp\/v2\/posts"}],"about":[{"href":"https:\/\/primicias2262.com\/noticias\/wp-json\/wp\/v2\/types\/post"}],"author":[{"embeddable":true,"href":"https:\/\/primicias2262.com\/noticias\/wp-json\/wp\/v2\/users\/3"}],"replies":[{"embeddable":true,"href":"https:\/\/primicias2262.com\/noticias\/wp-json\/wp\/v2\/comments?post=94990"}],"version-history":[{"count":0,"href":"https:\/\/primicias2262.com\/noticias\/wp-json\/wp\/v2\/posts\/94990\/revisions"}],"wp:attachment":[{"href":"https:\/\/primicias2262.com\/noticias\/wp-json\/wp\/v2\/media?parent=94990"}],"wp:term":[{"taxonomy":"category","embeddable":true,"href":"https:\/\/primicias2262.com\/noticias\/wp-json\/wp\/v2\/categories?post=94990"},{"taxonomy":"post_tag","embeddable":true,"href":"https:\/\/primicias2262.com\/noticias\/wp-json\/wp\/v2\/tags?post=94990"}],"curies":[{"name":"wp","href":"https:\/\/api.w.org\/{rel}","templated":true}]}}