{"id":94993,"date":"2022-11-06T18:27:39","date_gmt":"2022-11-06T21:27:39","guid":{"rendered":"https:\/\/primicias2262.com\/?p=94993"},"modified":"2022-11-06T18:27:39","modified_gmt":"2022-11-06T21:27:39","slug":"hay-que-recuperar-una-franja-etaria-que-ha-quedado-en-un-bajo-nivel-de-vacunacion-pos-pandemia","status":"publish","type":"post","link":"https:\/\/primicias2262.com\/noticias\/hay-que-recuperar-una-franja-etaria-que-ha-quedado-en-un-bajo-nivel-de-vacunacion-pos-pandemia\/","title":{"rendered":"\u201cHay que recuperar una franja etaria que ha quedado en un bajo nivel de vacunaci\u00f3n pos pandemia\u201d"},"content":{"rendered":"<p><strong>La secretaria de Salud, Andrea Perestiuk, puso de relieve la importancia que tiene el operativo impulsado desde Salud de la Provincia en los municipios para que se inoculen ni\u00f1os de entre 13 meses y cuatro a\u00f1os contra la Triple Viral y la poliomielitis.\u00a0<\/strong><\/p>\n<p>Con todo el equipo de la Secretar\u00eda de Salud al mando, se puso en marcha ayer el \u201cFestival de las vacunas\u201d, operativo montado en los municipios, a pedido del Ministerio de Salud de la Provincia, para fomentar la inoculaci\u00f3n contra la Triple Viral e IPV en ni\u00f1os y ni\u00f1as de entre 13 meses y 4 a\u00f1os inclusive, ante la baja respuesta en todo el suelo bonaerense en el marco de la campa\u00f1a lanzada en octubre a nivel nacional.<\/p>\n<p>Presente en el lugar, montado en Av. 58 casi 57, la secretaria Andrea Perestiuk manifest\u00f3 que \u201cac\u00e1 estamos con el equipo de Atenci\u00f3n Primaria y los vacunadores del hospital modular porque tambi\u00e9n se est\u00e1 haciendo campa\u00f1a Covid siguiendo con ese calendario y la quinta y sexta dosis\u201d.<\/p>\n<p>Dicho esto, la funcionaria enseguida se enfoc\u00f3 en los peque\u00f1os, momento en el que describi\u00f3 que\u00a0<a>\u201chay que recuperar una franja etaria que ha quedado en un bajo nivel de vacunaci\u00f3n pos pandemia<\/a>, no solo en Necochea sino tambi\u00e9n en toda la Provincia\u201d.<\/p>\n<p>Hablamos fundamentalmente de la Triple Viral, la vacuna contra la meningitis, poliomielitis\u201d a\u00f1adi\u00f3 Perestiuk con respecto a lo anterior, por lo que \u201cestaremos ac\u00e1 hasta las 20 hoy y ma\u00f1ana s\u00e1bado inclusive, con juegos para los chicos que tendr\u00e1n la posibilidad de, adem\u00e1s de vacunarse, realizar actividades recreativas y culturales\u201d.<\/p>\n<p>R\u00e1pidamente, recalc\u00f3 que \u201cla vacunaci\u00f3n es la que nos protege a nosotros y a nuestros hijos de enfermedades infectocontagiosas y virales, por eso es vital que se acerquen y completen el esquema\u201d.<\/p>\n","protected":false},"excerpt":{"rendered":"<p>La secretaria de Salud, Andrea Perestiuk, puso de relieve la importancia que tiene el operativo impulsado desde Salud de la Provincia en los municipios para que se inoculen ni\u00f1os de entre 13 meses y cuatro a\u00f1os contra la Triple Viral y la poliomielitis.\u00a0 Con todo el equipo de la Secretar\u00eda de Salud al mando, se [&hellip;]<\/p>\n","protected":false},"author":3,"featured_media":94994,"comment_status":"closed","ping_status":"closed","sticky":false,"template":"","format":"standard","meta":{"footnotes":""},"categories":[3],"tags":[],"class_list":["post-94993","post","type-post","status-publish","format-standard","has-post-thumbnail","category-masnoticias"],"_links":{"self":[{"href":"https:\/\/primicias2262.com\/noticias\/wp-json\/wp\/v2\/posts\/94993","targetHints":{"allow":["GET"]}}],"collection":[{"href":"https:\/\/primicias2262.com\/noticias\/wp-json\/wp\/v2\/posts"}],"about":[{"href":"https:\/\/primicias2262.com\/noticias\/wp-json\/wp\/v2\/types\/post"}],"author":[{"embeddable":true,"href":"https:\/\/primicias2262.com\/noticias\/wp-json\/wp\/v2\/users\/3"}],"replies":[{"embeddable":true,"href":"https:\/\/primicias2262.com\/noticias\/wp-json\/wp\/v2\/comments?post=94993"}],"version-history":[{"count":0,"href":"https:\/\/primicias2262.com\/noticias\/wp-json\/wp\/v2\/posts\/94993\/revisions"}],"wp:attachment":[{"href":"https:\/\/primicias2262.com\/noticias\/wp-json\/wp\/v2\/media?parent=94993"}],"wp:term":[{"taxonomy":"category","embeddable":true,"href":"https:\/\/primicias2262.com\/noticias\/wp-json\/wp\/v2\/categories?post=94993"},{"taxonomy":"post_tag","embeddable":true,"href":"https:\/\/primicias2262.com\/noticias\/wp-json\/wp\/v2\/tags?post=94993"}],"curies":[{"name":"wp","href":"https:\/\/api.w.org\/{rel}","templated":true}]}}