{"id":95002,"date":"2022-11-06T18:36:24","date_gmt":"2022-11-06T21:36:24","guid":{"rendered":"https:\/\/primicias2262.com\/?p=95002"},"modified":"2022-11-06T18:36:24","modified_gmt":"2022-11-06T21:36:24","slug":"arreglan-la-calle-71-una-arteria-que-desemboca-en-la-playa","status":"publish","type":"post","link":"https:\/\/primicias2262.com\/noticias\/arreglan-la-calle-71-una-arteria-que-desemboca-en-la-playa\/","title":{"rendered":"Arreglan la calle 71, una arteria que desemboca en la playa"},"content":{"rendered":"<p>A trav\u00e9s del personal de la Direcci\u00f3n de Infraestructura, dependiente de la Secretar\u00eda de Planeamiento, Obras y Servicios P\u00fablicos, a cargo de Adri\u00e1n Furno, la Municipalidad sigue trabajando en el plan de bacheo en varios sectores de la ciudad, y de cara al verano comenzaron en la calle 71, en el sector de la Villa Balnearia.<\/p>\n<p>Al respecto, el director de Infraestructura, Marcelo G\u00f3mez, apunt\u00f3 que \u201chemos empezado en la calle 71 que es muy transitada, ahora que se acerca el periodo estival es una arteria que desemboca en la playa en forma r\u00e1pida y la estamos acondicionando\u201d.<\/p>\n<p>El funcionario se\u00f1al\u00f3 que se hizo un arreglo en 71 y 8, mientras que \u201centre 4 y 6 hay varias losas en las que venimos trabajando, de hecho el jueves estuvimos hormigonando una losa de dimensiones importantes\u201d.<\/p>\n<p>Asimismo, \u201cestamos trabajando en calle 26 esquina 57, donde se hizo un nervio de asfalto y se levant\u00f3 el pavimento hace muchos a\u00f1os\u201d, acot\u00f3 el funcionario en este caso en referencia a la arteria que conduce hacia el Puente Dardo Rocha y la conexi\u00f3n con Quequ\u00e9n.<\/p>\n","protected":false},"excerpt":{"rendered":"<p>A trav\u00e9s del personal de la Direcci\u00f3n de Infraestructura, dependiente de la Secretar\u00eda de Planeamiento, Obras y Servicios P\u00fablicos, a cargo de Adri\u00e1n Furno, la Municipalidad sigue trabajando en el plan de bacheo en varios sectores de la ciudad, y de cara al verano comenzaron en la calle 71, en el sector de la Villa [&hellip;]<\/p>\n","protected":false},"author":3,"featured_media":95003,"comment_status":"closed","ping_status":"closed","sticky":false,"template":"","format":"standard","meta":{"footnotes":""},"categories":[3],"tags":[],"class_list":["post-95002","post","type-post","status-publish","format-standard","has-post-thumbnail","category-masnoticias"],"_links":{"self":[{"href":"https:\/\/primicias2262.com\/noticias\/wp-json\/wp\/v2\/posts\/95002","targetHints":{"allow":["GET"]}}],"collection":[{"href":"https:\/\/primicias2262.com\/noticias\/wp-json\/wp\/v2\/posts"}],"about":[{"href":"https:\/\/primicias2262.com\/noticias\/wp-json\/wp\/v2\/types\/post"}],"author":[{"embeddable":true,"href":"https:\/\/primicias2262.com\/noticias\/wp-json\/wp\/v2\/users\/3"}],"replies":[{"embeddable":true,"href":"https:\/\/primicias2262.com\/noticias\/wp-json\/wp\/v2\/comments?post=95002"}],"version-history":[{"count":0,"href":"https:\/\/primicias2262.com\/noticias\/wp-json\/wp\/v2\/posts\/95002\/revisions"}],"wp:attachment":[{"href":"https:\/\/primicias2262.com\/noticias\/wp-json\/wp\/v2\/media?parent=95002"}],"wp:term":[{"taxonomy":"category","embeddable":true,"href":"https:\/\/primicias2262.com\/noticias\/wp-json\/wp\/v2\/categories?post=95002"},{"taxonomy":"post_tag","embeddable":true,"href":"https:\/\/primicias2262.com\/noticias\/wp-json\/wp\/v2\/tags?post=95002"}],"curies":[{"name":"wp","href":"https:\/\/api.w.org\/{rel}","templated":true}]}}