{"id":95023,"date":"2022-11-07T18:44:57","date_gmt":"2022-11-07T21:44:57","guid":{"rendered":"https:\/\/primicias2262.com\/?p=95023"},"modified":"2022-11-07T18:44:57","modified_gmt":"2022-11-07T21:44:57","slug":"los-emprendedores-aprenden-a-gestionar-sus-redes-sociales-con-los-cursos-municipales","status":"publish","type":"post","link":"https:\/\/primicias2262.com\/noticias\/los-emprendedores-aprenden-a-gestionar-sus-redes-sociales-con-los-cursos-municipales\/","title":{"rendered":"Los emprendedores aprenden a gestionar sus redes sociales con los cursos municipales"},"content":{"rendered":"<p>Otra vez con muy buena aceptaci\u00f3n de sus participantes, en la tarde noche de este viernes culmin\u00f3 el dictado de la \u00faltima de las dos clases del curso de Redes Sociales que organiz\u00f3 la Secretar\u00eda de Turismo y Desarrollo Productivo para capacitar al ecosistema emprendedor.<\/p>\n<p>Como parte de un ciclo que comprende distintos talleres de formaci\u00f3n solicitados por los propios interesados, las jornadas tuvieron desarrollo en el Sal\u00f3n de Actos municipal, donde decenas de oyentes participaron atenta e interactivamente del taller dictado por Ezequiel Herrada.<\/p>\n<p>A lo largo del par de clases, el dise\u00f1ador gr\u00e1fico recorri\u00f3 un temario que tuvo por objetivo que los emprendedores puedan entender el lenguaje de las redes sociales, y apropi\u00e1rselo, desde la creaci\u00f3n de un perfil digital hasta el armado de armado de historias y reels, pasando por algunos consejos sobre publicidad y la generaci\u00f3n de cat\u00e1logos, o tips para planear la comunicaci\u00f3n, las publicaciones y el feed.<\/p>\n<p>Todas las charlas que se ofrecen a trav\u00e9s de la Secretar\u00eda, en este caso gracias a la organizaci\u00f3n de la Direcci\u00f3n de Emprendimientos y Pymes, son abiertas y totalmente gratuitas, financiada con recursos propios de la comuna para que puedan acceder la m\u00e1xima cantidad de interesados.<\/p>\n<p>Lejos de quedar satisfechos con este ciclo, desde el \u00e1rea ya invitan a inscribirse en los pr\u00f3ximos dos eventos de este ciclo: \u201cFotograf\u00eda para redes\u201d, que se estar\u00e1 dictando los pr\u00f3ximos mi\u00e9rcoles 9 y viernes 11, entre las 17 y las 19, a cargo del comunicador visual Lisandro Badie; y \u201cC\u00f3mo calcular el precio de tus productos\u201d, que se desarrollar\u00e1 el jueves 10, en igual horario y con la conducci\u00f3n de la contadora Luc\u00eda Teerink.<\/p>\n<p>Quienes tengan la intenci\u00f3n de formar parte de la primera capacitaci\u00f3n, para la que no se requieren conocimientos previos, ya pueden formular su acreditaci\u00f3n ingresando en\u00a0<a href=\"https:\/\/forms.gle\/k1Da41L1zQQvrpdQA\">https:\/\/forms.gle\/k1Da41L1zQQvrpdQA<\/a>; mientras que para el segundo de los cursos, que rondar\u00e1 en torno a los costos, las ganancias y los precios est\u00e1 abierta la inscripci\u00f3n en el link\u00a0<a href=\"https:\/\/forms.gle\/ZQsJ941bjgqYdKfK8\">https:\/\/forms.gle\/ZQsJ941bjgqYdKfK8<\/a>.<\/p>\n","protected":false},"excerpt":{"rendered":"<p>Otra vez con muy buena aceptaci\u00f3n de sus participantes, en la tarde noche de este viernes culmin\u00f3 el dictado de la \u00faltima de las dos clases del curso de Redes Sociales que organiz\u00f3 la Secretar\u00eda de Turismo y Desarrollo Productivo para capacitar al ecosistema emprendedor. Como parte de un ciclo que comprende distintos talleres de [&hellip;]<\/p>\n","protected":false},"author":3,"featured_media":95024,"comment_status":"closed","ping_status":"closed","sticky":false,"template":"","format":"standard","meta":{"footnotes":""},"categories":[3],"tags":[],"class_list":["post-95023","post","type-post","status-publish","format-standard","has-post-thumbnail","category-masnoticias"],"_links":{"self":[{"href":"https:\/\/primicias2262.com\/noticias\/wp-json\/wp\/v2\/posts\/95023","targetHints":{"allow":["GET"]}}],"collection":[{"href":"https:\/\/primicias2262.com\/noticias\/wp-json\/wp\/v2\/posts"}],"about":[{"href":"https:\/\/primicias2262.com\/noticias\/wp-json\/wp\/v2\/types\/post"}],"author":[{"embeddable":true,"href":"https:\/\/primicias2262.com\/noticias\/wp-json\/wp\/v2\/users\/3"}],"replies":[{"embeddable":true,"href":"https:\/\/primicias2262.com\/noticias\/wp-json\/wp\/v2\/comments?post=95023"}],"version-history":[{"count":0,"href":"https:\/\/primicias2262.com\/noticias\/wp-json\/wp\/v2\/posts\/95023\/revisions"}],"wp:attachment":[{"href":"https:\/\/primicias2262.com\/noticias\/wp-json\/wp\/v2\/media?parent=95023"}],"wp:term":[{"taxonomy":"category","embeddable":true,"href":"https:\/\/primicias2262.com\/noticias\/wp-json\/wp\/v2\/categories?post=95023"},{"taxonomy":"post_tag","embeddable":true,"href":"https:\/\/primicias2262.com\/noticias\/wp-json\/wp\/v2\/tags?post=95023"}],"curies":[{"name":"wp","href":"https:\/\/api.w.org\/{rel}","templated":true}]}}