{"id":95030,"date":"2022-11-07T19:38:12","date_gmt":"2022-11-07T22:38:12","guid":{"rendered":"https:\/\/primicias2262.com\/?p=95030"},"modified":"2022-11-07T19:38:12","modified_gmt":"2022-11-07T22:38:12","slug":"la-usina-de-necochea-padece-el-sindrome-de-la-lista-unica","status":"publish","type":"post","link":"https:\/\/primicias2262.com\/noticias\/la-usina-de-necochea-padece-el-sindrome-de-la-lista-unica\/","title":{"rendered":"\u00abLa Usina de Necochea padece el s\u00edndrome de la lista \u00fanica \u00ab"},"content":{"rendered":"<p>El dirigente peronista Roberto G\u00f3mez volvi\u00f3 a se\u00f1alar que \u201cdesde hace 12 a\u00f1os que en la Usina Popular Cooperativa venimos con listas \u00fanicas y esto deber\u00eda llamar mucho la atenci\u00f3n, no solo de los asociados sino tambi\u00e9n de la dirigencia en general, de los concejales, del Departamento Ejecutivo local y de los organismos de control.<\/p>\n<p>Asever\u00f3 que \u201cnosotros hablamos del s\u00edndrome de las listas \u00fanicas y de la carencia total de controles\u201d y asever\u00f3 que los n\u00fameros de la UPC \u201cson cada vez m\u00e1s preocupantes y la deuda que tiene es enorme\u201d.<\/p>\n<p>G\u00f3mez manifest\u00f3 que \u201cnosotros tratamos de aportar ideas para mejorar\u201d pero aclar\u00f3 que \u201cdesde hace m\u00e1s de 20 a\u00f1os el sector que conduce la cooperativa es el mismo, han ido cambiando algunas figuras y nombres pero la l\u00ednea que se sigue es pr\u00e1cticamente id\u00e9ntica\u201d.<\/p>\n<p>Sin embargo, se\u00f1al\u00f3 que \u201cojal\u00e1 las nuevas autoridades comiencen a modificar algunas actitudes y que sean m\u00e1s austeros en el gasto pol\u00edtico\u201d y puso como ejemplo la cooperativa el\u00e9ctrica de Tres Arroyos \u201cadonde a ra\u00edz de la crisis econ\u00f3mica, los integrantes del Consejo de Administraci\u00f3n est\u00e1n trabajando \u201cad honorem\u201d y lo que se reconocen son los gastos de cuando alguno viaja o hace gestiones\u201d.<\/p>\n<p>Puntualiz\u00f3 que \u201cen cualquier empresa donde los resultados son p\u00e9rdidas permanentes o se cambian los gerentes o se bajan los honorarios a la mitad\u201d y agreg\u00f3 que \u201clos consejeros deber\u00edan trabajar \u201cad hororem\u201d porque eso demostrar\u00eda que les interesa la cooperativa y sino dejar\u00eda en claro que tienen otros intereses\u201d.<\/p>\n<p>Con respecto a las nuevas autoridades se\u00f1al\u00f3 que \u201ces positivo que reconozcan que hay un problema\u201d y record\u00f3 que \u201cnuestra cooperativa se inici\u00f3 generando energ\u00eda, por eso se llam\u00f3 Usina, y desde hace a\u00f1os que se la compra a Camessa y esa es una de las deudas m\u00e1s importantes que tenemos\u201d.<\/p>\n<p>Admiti\u00f3 que \u201cmuchas cooperativas el\u00e9ctricas tienen deudas, pero no todas tienen servicios deficitarios como la nuestra. Nosotros decimos que no hay que cerrar nada, pero antes de abrir un nuevo servicio se debe analizar si corresponde o no\u201d y se pregunt\u00f3 \u201cqu\u00e9 clase de prestaci\u00f3n le damos al asociado si le cobramos la ambulancia aparte\u201d.<\/p>\n<p>Por otra parte no descart\u00f3 la posibilidad de dialogar con las nuevas autoridades y plantear propuestas que le puedan servir a la cooperativa y remarc\u00f3 que \u201ccuando se \u201cperdieron\u201d cerca de 80 cheques, planteamos que hab\u00eda que hacer una auditor\u00eda, que se deb\u00edan traer profesionales externos para analizar cu\u00e1nto se hab\u00eda perdido\u201d.<\/p>\n<p>En ese sentido, dijo que \u201chasta ahora nuestras propuestas no han sido escuchadas ni tenidas en cuenta, pero ello son los responsables de la administraci\u00f3n pero si estar\u00eda bueno de que empiecen a abrir el juego no s\u00f3lo a nuestro sector sino tambi\u00e9n a los vecinos y que se retomen las asambleas barriales y se escuchen las cr\u00edticas que se pueden utilizar para mejorar algunas cuestiones\u201d.<\/p>\n","protected":false},"excerpt":{"rendered":"<p>El dirigente peronista Roberto G\u00f3mez volvi\u00f3 a se\u00f1alar que \u201cdesde hace 12 a\u00f1os que en la Usina Popular Cooperativa venimos con listas \u00fanicas y esto deber\u00eda llamar mucho la atenci\u00f3n, no solo de los asociados sino tambi\u00e9n de la dirigencia en general, de los concejales, del Departamento Ejecutivo local y de los organismos de control. [&hellip;]<\/p>\n","protected":false},"author":3,"featured_media":79508,"comment_status":"closed","ping_status":"closed","sticky":false,"template":"","format":"standard","meta":{"footnotes":""},"categories":[3],"tags":[],"class_list":["post-95030","post","type-post","status-publish","format-standard","has-post-thumbnail","category-masnoticias"],"_links":{"self":[{"href":"https:\/\/primicias2262.com\/noticias\/wp-json\/wp\/v2\/posts\/95030","targetHints":{"allow":["GET"]}}],"collection":[{"href":"https:\/\/primicias2262.com\/noticias\/wp-json\/wp\/v2\/posts"}],"about":[{"href":"https:\/\/primicias2262.com\/noticias\/wp-json\/wp\/v2\/types\/post"}],"author":[{"embeddable":true,"href":"https:\/\/primicias2262.com\/noticias\/wp-json\/wp\/v2\/users\/3"}],"replies":[{"embeddable":true,"href":"https:\/\/primicias2262.com\/noticias\/wp-json\/wp\/v2\/comments?post=95030"}],"version-history":[{"count":0,"href":"https:\/\/primicias2262.com\/noticias\/wp-json\/wp\/v2\/posts\/95030\/revisions"}],"wp:attachment":[{"href":"https:\/\/primicias2262.com\/noticias\/wp-json\/wp\/v2\/media?parent=95030"}],"wp:term":[{"taxonomy":"category","embeddable":true,"href":"https:\/\/primicias2262.com\/noticias\/wp-json\/wp\/v2\/categories?post=95030"},{"taxonomy":"post_tag","embeddable":true,"href":"https:\/\/primicias2262.com\/noticias\/wp-json\/wp\/v2\/tags?post=95030"}],"curies":[{"name":"wp","href":"https:\/\/api.w.org\/{rel}","templated":true}]}}