{"id":95035,"date":"2022-11-08T19:21:40","date_gmt":"2022-11-08T22:21:40","guid":{"rendered":"https:\/\/primicias2262.com\/?p=95035"},"modified":"2022-11-08T19:21:40","modified_gmt":"2022-11-08T22:21:40","slug":"el-municipio-y-la-departamental-solicitaran-150-efectivos-para-el-operativo-sol-del-verano","status":"publish","type":"post","link":"https:\/\/primicias2262.com\/noticias\/el-municipio-y-la-departamental-solicitaran-150-efectivos-para-el-operativo-sol-del-verano\/","title":{"rendered":"El municipio y la Departamental solicitar\u00e1n 150 efectivos para el Operativo Sol del verano"},"content":{"rendered":"<p>As\u00ed lo confirm\u00f3 en \u201cVoces de la Ciudad\u201d el director de Coordinaci\u00f3n de Pol\u00edticas de Seguridad de la comuna, \u00c1ngel V\u00e1zquez, ante lo que ser\u00e1 un movimiento de gente extraordinario como es habitual en cada temporada necochense.<\/p>\n<p>Tras la pregunta del caso por parte del periodista Jorge G\u00f3mez, V\u00e1zquez confirm\u00f3 que \u201cel Operativo sol est\u00e1 programado como todos los a\u00f1os, no tenemos noticia contraria a esa y en las \u00faltimas reuniones con la Jefatura Departamental se estuvo trabajando para hacer un pedido formal de cantidad de efectivos que tienen que venir, esperando tener una buena respuesta del gobierno provincial\u201d.<\/p>\n<p>En tal sentido, especific\u00f3 que \u201cse van a pedir alrededor de 150 efectivos y esperemos que tengamos una respuesta\u201d, y ampli\u00f3 que \u201cse habl\u00f3 tambi\u00e9n con el jefe del GAD (Grupo de Apoyo) para que este a\u00f1o dejen un grupo estable porque en la temporada anterior ocurri\u00f3 que derivaron gente y en realidad los estamos necesitando nosotros ac\u00e1\u201d.<\/p>\n<p>En cuanto a la llegada de efectivos en el marco del Operativo Sol, el funcionario estim\u00f3 que \u201cgeneralmente llega primero una tanda que se adelanta para el 20 de diciembre, que cubre Navidad y A\u00f1o Nuevo, y a partir del 1\u00ba de enero desembarca el resto del personal. Viene el operativo adem\u00e1s con una torre 360 en Pinolandia y 2, y tambi\u00e9n estamos viendo la posibilidad de tender un cable para tener conectividad directa con el Centro de Operaciones municipal donde est\u00e1n las c\u00e1maras de monitoreo\u201d.<\/p>\n<p>Finalmente, V\u00e1zquez se refiri\u00f3 a la estad\u00eda del personal policial adicional en la ciudad durante la temporada, acerca de lo que manifest\u00f3 que \u201cel a\u00f1o pasado contamos con la gentileza de la Escuela N\u00ba 501 de calle 55, con quien se firm\u00f3 un acta acuerdo por las instalaciones y esperemos que vuelva a repetirse este a\u00f1o, ya estuvimos hablando con la presidenta del Consejo Escolar (Silvina Jensen) por ese tema\u201d.<\/p>\n","protected":false},"excerpt":{"rendered":"<p>As\u00ed lo confirm\u00f3 en \u201cVoces de la Ciudad\u201d el director de Coordinaci\u00f3n de Pol\u00edticas de Seguridad de la comuna, \u00c1ngel V\u00e1zquez, ante lo que ser\u00e1 un movimiento de gente extraordinario como es habitual en cada temporada necochense. Tras la pregunta del caso por parte del periodista Jorge G\u00f3mez, V\u00e1zquez confirm\u00f3 que \u201cel Operativo sol est\u00e1 [&hellip;]<\/p>\n","protected":false},"author":3,"featured_media":95036,"comment_status":"closed","ping_status":"closed","sticky":false,"template":"","format":"standard","meta":{"footnotes":""},"categories":[3],"tags":[],"class_list":["post-95035","post","type-post","status-publish","format-standard","has-post-thumbnail","category-masnoticias"],"_links":{"self":[{"href":"https:\/\/primicias2262.com\/noticias\/wp-json\/wp\/v2\/posts\/95035","targetHints":{"allow":["GET"]}}],"collection":[{"href":"https:\/\/primicias2262.com\/noticias\/wp-json\/wp\/v2\/posts"}],"about":[{"href":"https:\/\/primicias2262.com\/noticias\/wp-json\/wp\/v2\/types\/post"}],"author":[{"embeddable":true,"href":"https:\/\/primicias2262.com\/noticias\/wp-json\/wp\/v2\/users\/3"}],"replies":[{"embeddable":true,"href":"https:\/\/primicias2262.com\/noticias\/wp-json\/wp\/v2\/comments?post=95035"}],"version-history":[{"count":0,"href":"https:\/\/primicias2262.com\/noticias\/wp-json\/wp\/v2\/posts\/95035\/revisions"}],"wp:attachment":[{"href":"https:\/\/primicias2262.com\/noticias\/wp-json\/wp\/v2\/media?parent=95035"}],"wp:term":[{"taxonomy":"category","embeddable":true,"href":"https:\/\/primicias2262.com\/noticias\/wp-json\/wp\/v2\/categories?post=95035"},{"taxonomy":"post_tag","embeddable":true,"href":"https:\/\/primicias2262.com\/noticias\/wp-json\/wp\/v2\/tags?post=95035"}],"curies":[{"name":"wp","href":"https:\/\/api.w.org\/{rel}","templated":true}]}}