{"id":95038,"date":"2022-11-08T19:26:58","date_gmt":"2022-11-08T22:26:58","guid":{"rendered":"https:\/\/primicias2262.com\/?p=95038"},"modified":"2022-11-08T19:26:58","modified_gmt":"2022-11-08T22:26:58","slug":"altas-temperaturas-e-incendios-fulton-senalo-que-hay-que-seguir-concientizando-al-vecino","status":"publish","type":"post","link":"https:\/\/primicias2262.com\/noticias\/altas-temperaturas-e-incendios-fulton-senalo-que-hay-que-seguir-concientizando-al-vecino\/","title":{"rendered":"Altas temperaturas e incendios: Fulton se\u00f1al\u00f3 que hay que seguir concientizando al vecino"},"content":{"rendered":"<p>En los estudios de \u201cVoces de la Ciudad\u201d, el director de Defensa Civil, Augusto Fulton, reconoci\u00f3 que con el inicio de las altas temperaturas el riesgo de incendios crece en la ciudad y brind\u00f3 recomendaciones a la hora del encendido.<\/p>\n<p>En di\u00e1logo con el periodista Jorge G\u00f3mez, el funcionario municipal se\u00f1al\u00f3 que \u201cviene apuntando una semana bastante complicada con el calor y las temperaturas se van acercando a lo que es el verano, y los riesgos est\u00e1n siempre, si bien tenemos condiciones no tan secas como en el norte del pa\u00eds, tenemos que estar atentos\u201d.<\/p>\n<p>A esta altura del a\u00f1o, Fulton manifest\u00f3 que \u201cla gente empieza a querer limpiar su terreno o acomodar el pasto y terminan prendiendo, asimismo el que quiere emprolijar el campo\u2026 son situaciones que a veces suelen irse de las manos entre las altas temperaturas y los vientos, y adem\u00e1s no tenemos pr\u00e1cticamente registro de lluvias y lo que ha llovido es muy poco\u201d.<\/p>\n<p>Por ello, \u201ces una situaci\u00f3n bastante complicada as\u00ed que se est\u00e1 haciendo un trabajo en conjunto importante de prevenci\u00f3n con bomberos de la polic\u00eda, voluntarios y de Prefectura, y con la nueva Direcci\u00f3n de Guardaparques, a cargo de Juli\u00e1n Zugaz\u00faa\u201d, inform\u00f3.<\/p>\n<p>En ese contexto, afirm\u00f3 que \u201ces muy importante poder trabajar desde las instituciones para llevar conciencia al vecino, tener cuidado con la quema de pastos, y es muy importante recordar los n\u00fameros de emergencia: Defensa Civil 103, Bomberos 100, y en la parte de salud 107, que directamente te comunic\u00e1s con el hospital local\u2026 muchas veces pasa que se llama al 911, pero \u00e9ste siempre tiene una demora superior\u201d.<\/p>\n<p>En cuanto a precauci\u00f3n de salud, Fulton hizo hincapi\u00e9 en la hidrataci\u00f3n, tomar suficiente agua: \u201cNos pasa mucho con la gente mayor, en verano por semana tenemos hasta 8 personas descompensadas, y a veces es porque salen muy abrigados, pierden la noci\u00f3n de la temperatura y se descompensan\u201d.<\/p>\n<p>Incluso, en el cierre abri\u00f3 un par\u00e9ntesis sobre el hecho de meterse al mar: \u201cHay que tener mucha precauci\u00f3n hasta el 15 de noviembre a la hora de meterse al mar, porque no hay servicio de guardavidas, a\u00fan resta una semana, as\u00ed que por favor pedimos que lo hagan con responsabilidad y cuidado, de hecho este fin de semana ocurri\u00f3 un suceso muy triste en Claromec\u00f3 con el fallecimiento de una persona\u2026 y cuando llegue el verano aprovechemos los lugares donde hay guardavidas\u201d.<\/p>\n","protected":false},"excerpt":{"rendered":"<p>En los estudios de \u201cVoces de la Ciudad\u201d, el director de Defensa Civil, Augusto Fulton, reconoci\u00f3 que con el inicio de las altas temperaturas el riesgo de incendios crece en la ciudad y brind\u00f3 recomendaciones a la hora del encendido. En di\u00e1logo con el periodista Jorge G\u00f3mez, el funcionario municipal se\u00f1al\u00f3 que \u201cviene apuntando una [&hellip;]<\/p>\n","protected":false},"author":3,"featured_media":95039,"comment_status":"closed","ping_status":"closed","sticky":false,"template":"","format":"standard","meta":{"footnotes":""},"categories":[3],"tags":[],"class_list":["post-95038","post","type-post","status-publish","format-standard","has-post-thumbnail","category-masnoticias"],"_links":{"self":[{"href":"https:\/\/primicias2262.com\/noticias\/wp-json\/wp\/v2\/posts\/95038","targetHints":{"allow":["GET"]}}],"collection":[{"href":"https:\/\/primicias2262.com\/noticias\/wp-json\/wp\/v2\/posts"}],"about":[{"href":"https:\/\/primicias2262.com\/noticias\/wp-json\/wp\/v2\/types\/post"}],"author":[{"embeddable":true,"href":"https:\/\/primicias2262.com\/noticias\/wp-json\/wp\/v2\/users\/3"}],"replies":[{"embeddable":true,"href":"https:\/\/primicias2262.com\/noticias\/wp-json\/wp\/v2\/comments?post=95038"}],"version-history":[{"count":0,"href":"https:\/\/primicias2262.com\/noticias\/wp-json\/wp\/v2\/posts\/95038\/revisions"}],"wp:attachment":[{"href":"https:\/\/primicias2262.com\/noticias\/wp-json\/wp\/v2\/media?parent=95038"}],"wp:term":[{"taxonomy":"category","embeddable":true,"href":"https:\/\/primicias2262.com\/noticias\/wp-json\/wp\/v2\/categories?post=95038"},{"taxonomy":"post_tag","embeddable":true,"href":"https:\/\/primicias2262.com\/noticias\/wp-json\/wp\/v2\/tags?post=95038"}],"curies":[{"name":"wp","href":"https:\/\/api.w.org\/{rel}","templated":true}]}}