{"id":95042,"date":"2022-11-08T19:30:37","date_gmt":"2022-11-08T22:30:37","guid":{"rendered":"https:\/\/primicias2262.com\/?p=95042"},"modified":"2022-11-08T19:30:37","modified_gmt":"2022-11-08T22:30:37","slug":"expo-rural-rojas-resalto-la-potencia-que-tiene-el-sector-productivo","status":"publish","type":"post","link":"https:\/\/primicias2262.com\/noticias\/expo-rural-rojas-resalto-la-potencia-que-tiene-el-sector-productivo\/","title":{"rendered":"Expo Rural: Rojas resalt\u00f3 la potencia que tiene el sector productivo"},"content":{"rendered":"<p><strong>Durante la inauguraci\u00f3n de la Expo Rural local, el intendente Arturo enfatiz\u00f3 que \u201cel sector productivo precisa que se le quite la mano de encima para poder producir con reglas claras y previsibilidad\u201d, insisti\u00f3 en trabajar en conjunto y anticip\u00f3 que se tomar\u00e1 un cr\u00e9dito superior a los 300 millones de pesos que se materializar\u00e1 mayormente en maquinarias.<\/strong><\/p>\n<p>Con una amplia participaci\u00f3n de productores agropecuarios y expositores, se realiz\u00f3 durante el fin de semana la Expo Rural Agropecuaria, Comercial y Sustentable de Necochea en la Sociedad Rural, cuya inauguraci\u00f3n cont\u00f3 con el acompa\u00f1amiento del intendente Arturo Rojas.<\/p>\n<p>Junto a organizadores y dirigentes de la instituci\u00f3n anfitriona de 59 y 106 y la Carbap, el intendente comenz\u00f3 felicitando a todas las partes que hicieron posible el regreso de la Expo tras los a\u00f1os de pandemia, como as\u00ed el trabajo de la Secretar\u00eda de Turismo y Producci\u00f3n, a cargo de Mat\u00edas Sierra, para poder llevar adelante la muestra.<\/p>\n<p>Seguidamente, expres\u00f3 que \u201cquiero felicitar a cada uno de los expositores con su stand para demostrar la potencia que tiene todo el sector productivo de nuestra regi\u00f3n\u201d, para se\u00f1alar a continuaci\u00f3n que \u201cvenimos teniendo reuniones con los intendentes de la regi\u00f3n y con los sectores productivos para mejorar lo que tiene que ver con la producci\u00f3n, desde mantener en condiciones los caminos rurales hasta la log\u00edstica y el acopio para que definitivamente nuestra producci\u00f3n salga por el comercio exterior a trav\u00e9s de Puerto Quequ\u00e9n\u201d.<\/p>\n<p>\u201cLos productores son nuestros vecinos y generan mucha mano de obra, y cuando al sector productivo le va bien, le va bien a gran parte de las actividades de la ciudad\u201d, contextualiz\u00f3 el Intendente.<\/p>\n<p>No soslay\u00f3 que \u201cmuchas veces por las disputas pol\u00edticas a nivel nacional a lo largo de la historia los sectores productivos quedan enfrentados a otros sectores de la sociedad, y eso no puede ocurrir\u201d, y por ello \u201cen nuestra ciudad esas disputas no nos tienen que afectar, nosotros estamos para trabajar en conjunto con las entidades porque es uno de los sectores que m\u00e1s movimiento econ\u00f3mico genera en nuestro pa\u00eds\u201d.<\/p>\n","protected":false},"excerpt":{"rendered":"<p>Durante la inauguraci\u00f3n de la Expo Rural local, el intendente Arturo enfatiz\u00f3 que \u201cel sector productivo precisa que se le quite la mano de encima para poder producir con reglas claras y previsibilidad\u201d, insisti\u00f3 en trabajar en conjunto y anticip\u00f3 que se tomar\u00e1 un cr\u00e9dito superior a los 300 millones de pesos que se materializar\u00e1 [&hellip;]<\/p>\n","protected":false},"author":3,"featured_media":95043,"comment_status":"closed","ping_status":"closed","sticky":false,"template":"","format":"standard","meta":{"footnotes":""},"categories":[3],"tags":[],"class_list":["post-95042","post","type-post","status-publish","format-standard","has-post-thumbnail","category-masnoticias"],"_links":{"self":[{"href":"https:\/\/primicias2262.com\/noticias\/wp-json\/wp\/v2\/posts\/95042","targetHints":{"allow":["GET"]}}],"collection":[{"href":"https:\/\/primicias2262.com\/noticias\/wp-json\/wp\/v2\/posts"}],"about":[{"href":"https:\/\/primicias2262.com\/noticias\/wp-json\/wp\/v2\/types\/post"}],"author":[{"embeddable":true,"href":"https:\/\/primicias2262.com\/noticias\/wp-json\/wp\/v2\/users\/3"}],"replies":[{"embeddable":true,"href":"https:\/\/primicias2262.com\/noticias\/wp-json\/wp\/v2\/comments?post=95042"}],"version-history":[{"count":0,"href":"https:\/\/primicias2262.com\/noticias\/wp-json\/wp\/v2\/posts\/95042\/revisions"}],"wp:attachment":[{"href":"https:\/\/primicias2262.com\/noticias\/wp-json\/wp\/v2\/media?parent=95042"}],"wp:term":[{"taxonomy":"category","embeddable":true,"href":"https:\/\/primicias2262.com\/noticias\/wp-json\/wp\/v2\/categories?post=95042"},{"taxonomy":"post_tag","embeddable":true,"href":"https:\/\/primicias2262.com\/noticias\/wp-json\/wp\/v2\/tags?post=95042"}],"curies":[{"name":"wp","href":"https:\/\/api.w.org\/{rel}","templated":true}]}}