{"id":95045,"date":"2022-11-08T19:33:24","date_gmt":"2022-11-08T22:33:24","guid":{"rendered":"https:\/\/primicias2262.com\/?p=95045"},"modified":"2022-11-08T19:33:24","modified_gmt":"2022-11-08T22:33:24","slug":"sanchez-jauregui-siento-que-esta-gestion-mira-y-transforma-a-los-pueblos-de-la-provincia","status":"publish","type":"post","link":"https:\/\/primicias2262.com\/noticias\/sanchez-jauregui-siento-que-esta-gestion-mira-y-transforma-a-los-pueblos-de-la-provincia\/","title":{"rendered":"S\u00e1nchez J\u00e1uregui: \u201cSiento que esta gesti\u00f3n mira y transforma a los pueblos de la Provincia\u201d"},"content":{"rendered":"<p>La diputada provincial se reuni\u00f3 con el gobernador Axel Kicillof junto al intendente de San Pedro y al presidente del Partido Fe, con el prop\u00f3sito de avanzar en las gestiones de las obras de la ciudad y Necochea. Adem\u00e1s, la referente de UATRE, retom\u00f3 el pedido de viviendas para el sector rural.<\/p>\n<p>Natalia S\u00e1nchez Jauregui, junto al intendente Ram\u00f3n Salazar y el presidente del Partido Fe de la provincia de Buenos Aires, Cecilio Salazar, se reunieron con el gobernador de la provincia de Buenos Aires, Axel Kicillof, para avanzar con la agenda de obras que se est\u00e1n realizando y se necesitan hacer en los distritos de San Pedro y Necochea.<\/p>\n<p>\u201cComo legisladora y siendo del interior de la Provincia, siento que esta gesti\u00f3n mira y transforma a los pueblos de la Provincia\u201d y asegur\u00f3 que \u201cquiero que Axel renueve como gobernador, trabajo y acompa\u00f1o esta gesti\u00f3n porque las obras que estamos viendo es lo que necesit\u00e1bamos en el interior y es el camino que hay que emprender para transformar la Provincia\u201d.<\/p>\n<p>En este sentido, S\u00e1nchez Jauregui, como referente de UATRE en la provincia de Buenos Aires, retom\u00f3 el tema de las viviendas para las y los trabajadores rurales, tras las gestiones iniciadas junto al secretario general de UATRE, Jos\u00e9 Voytenco.<\/p>\n<p>\u201cEs fundamental que el sector rural pueda acceder a una financiaci\u00f3n en la construcci\u00f3n de viviendas para las y los afiliados en los terrenos de la UATRE y retomamos esta conversaci\u00f3n con el Gobernador\u201d, asegur\u00f3 la diputada provincial.<\/p>\n<p>Durante la reuni\u00f3n, adem\u00e1s se abordaron temas relacionados al sector laboral, vivienda, educaci\u00f3n y la implementaci\u00f3n de tecnolog\u00eda en las zonas rurales bonaerense.<\/p>\n<p>Por otra parte, la legisladora del Frente de Todos, estuvo de recorrida por las obras de General Paz junto al Gobernador, y afirm\u00f3 que \u201cver concretado el entubamiento del canal terminado es un sue\u00f1o para los vecinos, porque estuvieron m\u00e1s de 30 a\u00f1os esperando esta obra y fue posible gracias a la decisi\u00f3n de un gobernador que est\u00e1 presente\u201d.<\/p>\n","protected":false},"excerpt":{"rendered":"<p>La diputada provincial se reuni\u00f3 con el gobernador Axel Kicillof junto al intendente de San Pedro y al presidente del Partido Fe, con el prop\u00f3sito de avanzar en las gestiones de las obras de la ciudad y Necochea. Adem\u00e1s, la referente de UATRE, retom\u00f3 el pedido de viviendas para el sector rural. Natalia S\u00e1nchez Jauregui, [&hellip;]<\/p>\n","protected":false},"author":3,"featured_media":95046,"comment_status":"closed","ping_status":"closed","sticky":false,"template":"","format":"standard","meta":{"footnotes":""},"categories":[5],"tags":[],"class_list":{"0":"post-95045","1":"post","2":"type-post","3":"status-publish","4":"format-standard","5":"has-post-thumbnail","7":"category-neco"},"_links":{"self":[{"href":"https:\/\/primicias2262.com\/noticias\/wp-json\/wp\/v2\/posts\/95045","targetHints":{"allow":["GET"]}}],"collection":[{"href":"https:\/\/primicias2262.com\/noticias\/wp-json\/wp\/v2\/posts"}],"about":[{"href":"https:\/\/primicias2262.com\/noticias\/wp-json\/wp\/v2\/types\/post"}],"author":[{"embeddable":true,"href":"https:\/\/primicias2262.com\/noticias\/wp-json\/wp\/v2\/users\/3"}],"replies":[{"embeddable":true,"href":"https:\/\/primicias2262.com\/noticias\/wp-json\/wp\/v2\/comments?post=95045"}],"version-history":[{"count":0,"href":"https:\/\/primicias2262.com\/noticias\/wp-json\/wp\/v2\/posts\/95045\/revisions"}],"wp:featuredmedia":[{"embeddable":true,"href":"https:\/\/primicias2262.com\/noticias\/wp-json\/"}],"wp:attachment":[{"href":"https:\/\/primicias2262.com\/noticias\/wp-json\/wp\/v2\/media?parent=95045"}],"wp:term":[{"taxonomy":"category","embeddable":true,"href":"https:\/\/primicias2262.com\/noticias\/wp-json\/wp\/v2\/categories?post=95045"},{"taxonomy":"post_tag","embeddable":true,"href":"https:\/\/primicias2262.com\/noticias\/wp-json\/wp\/v2\/tags?post=95045"}],"curies":[{"name":"wp","href":"https:\/\/api.w.org\/{rel}","templated":true}]}}