{"id":95048,"date":"2022-11-08T19:35:45","date_gmt":"2022-11-08T22:35:45","guid":{"rendered":"https:\/\/primicias2262.com\/?p=95048"},"modified":"2022-11-08T19:35:45","modified_gmt":"2022-11-08T22:35:45","slug":"la-tecnicatura-superior-en-enfermeria-tendra-ingreso-anual-de-alumnos","status":"publish","type":"post","link":"https:\/\/primicias2262.com\/noticias\/la-tecnicatura-superior-en-enfermeria-tendra-ingreso-anual-de-alumnos\/","title":{"rendered":"La Tecnicatura Superior en Enfermer\u00eda tendr\u00e1 ingreso anual de alumnos"},"content":{"rendered":"<p><strong>A partir del 2023 cambia la modalidad que dejar\u00e1 atr\u00e1s el ciclo cerrado. Con esto, habr\u00e1 egresados todos los a\u00f1os y no 30 cada tres como hasta ahora. El 15 del corriente, en tanto, abre la preinscripci\u00f3n para el ciclo lectivo pr\u00f3ximo que se dictar\u00e1, como siempre, en el Hospital Municipal Dr. Emilio Ferreyra.<\/strong><\/p>\n<p>La Secretar\u00eda de Salud inform\u00f3 que la Tecnicatura Superior en Enfermer\u00eda, dictada en el Hospital Municipal Dr. Emilio Ferreyra, marcha a muy buen ritmo, y, en ese sentido, anuncia para el 15 de noviembre la fecha de apertura de inscripci\u00f3n para el ciclo lectivo 2023, raz\u00f3n por la que los interesados deber\u00e1n acceder al link <a href=\"https:\/\/www.ms.gba.gov.ar\/sitios\/capacitacion\">https:\/\/www.ms.gba.gov.ar\/sitios\/capacitacion<\/a>.<\/p>\n<p>Vale decir que durante el a\u00f1o en curso se trabaj\u00f3 desde el Ejecutivo para tener apertura anual a dicha carrera, lo que afortunadamente se logr\u00f3. Esto significa que en 2023 habr\u00e1 primer y tercer ciclo, en el 2024 primero y segundo y en el 2025, la TSE ya estar\u00e1 con primero, segundo y tercer ciclo, con carrera completa y a ciclo abierto.<\/p>\n<p>Vale decir que desde el a\u00f1o 1981 la TSE se dicta a ciclo cerrado, lo que significa que egresan alrededor de 30 enfermeros cada tres a\u00f1os. Con esta modalidad, en definitiva, habr\u00e1 egresados todos los a\u00f1os. Adem\u00e1s, los alumnos que tienen que recursar materias no tendr\u00edan que esperar tres a\u00f1os para reincorporarse, viajar a otras ciudades o ingresar a la tecnicatura privada que, en muchos casos y por problemas econ\u00f3micos, se torna inaccesible.<\/p>\n<p>Prontamente se dar\u00e1n a conocer encuentros informativos, inscripci\u00f3n, curso introductorio, vacantes e inicio de clases.<\/p>\n","protected":false},"excerpt":{"rendered":"<p>A partir del 2023 cambia la modalidad que dejar\u00e1 atr\u00e1s el ciclo cerrado. Con esto, habr\u00e1 egresados todos los a\u00f1os y no 30 cada tres como hasta ahora. El 15 del corriente, en tanto, abre la preinscripci\u00f3n para el ciclo lectivo pr\u00f3ximo que se dictar\u00e1, como siempre, en el Hospital Municipal Dr. Emilio Ferreyra. La [&hellip;]<\/p>\n","protected":false},"author":3,"featured_media":95049,"comment_status":"closed","ping_status":"closed","sticky":false,"template":"","format":"standard","meta":{"footnotes":""},"categories":[5],"tags":[],"class_list":{"0":"post-95048","1":"post","2":"type-post","3":"status-publish","4":"format-standard","5":"has-post-thumbnail","7":"category-neco"},"_links":{"self":[{"href":"https:\/\/primicias2262.com\/noticias\/wp-json\/wp\/v2\/posts\/95048","targetHints":{"allow":["GET"]}}],"collection":[{"href":"https:\/\/primicias2262.com\/noticias\/wp-json\/wp\/v2\/posts"}],"about":[{"href":"https:\/\/primicias2262.com\/noticias\/wp-json\/wp\/v2\/types\/post"}],"author":[{"embeddable":true,"href":"https:\/\/primicias2262.com\/noticias\/wp-json\/wp\/v2\/users\/3"}],"replies":[{"embeddable":true,"href":"https:\/\/primicias2262.com\/noticias\/wp-json\/wp\/v2\/comments?post=95048"}],"version-history":[{"count":0,"href":"https:\/\/primicias2262.com\/noticias\/wp-json\/wp\/v2\/posts\/95048\/revisions"}],"wp:featuredmedia":[{"embeddable":true,"href":"https:\/\/primicias2262.com\/noticias\/wp-json\/"}],"wp:attachment":[{"href":"https:\/\/primicias2262.com\/noticias\/wp-json\/wp\/v2\/media?parent=95048"}],"wp:term":[{"taxonomy":"category","embeddable":true,"href":"https:\/\/primicias2262.com\/noticias\/wp-json\/wp\/v2\/categories?post=95048"},{"taxonomy":"post_tag","embeddable":true,"href":"https:\/\/primicias2262.com\/noticias\/wp-json\/wp\/v2\/tags?post=95048"}],"curies":[{"name":"wp","href":"https:\/\/api.w.org\/{rel}","templated":true}]}}