{"id":95070,"date":"2022-11-09T16:14:18","date_gmt":"2022-11-09T19:14:18","guid":{"rendered":"https:\/\/primicias2262.com\/?p=95070"},"modified":"2022-11-09T16:14:18","modified_gmt":"2022-11-09T19:14:18","slug":"convocan-a-valorar-y-defender-el-rio-quequen","status":"publish","type":"post","link":"https:\/\/primicias2262.com\/noticias\/convocan-a-valorar-y-defender-el-rio-quequen\/","title":{"rendered":"Convocan a valorar y defender el R\u00edo Quequ\u00e9n"},"content":{"rendered":"<p dir=\"auto\">Los organizadores de la Fiesta del Paseo de la Ribera convocan a valorar y defendamos el R\u00edo Quequ\u00e9n Grande y su cuenca.<\/p>\n<p dir=\"auto\">A trav\u00e9s de un comunicado de prensa indicaron que \u00abel d\u00eda 13 de Noviembre si te gusta nadar, si tenes un kayak, una tabla de standup o una Canoa, te esperamos para salir a las 14 horas desde el puente Taraborelli hasta el lugar de la fiesta, en un recorrido de 2.4 kil\u00f3metros.<\/p>\n<p dir=\"auto\">\u00abLo haremos por nuestro R\u00edo y para quienes les corresponde, \u00a0asuman el compromiso de cuidar y sanear nuestro hermoso R\u00edo Quequen\u00bb, indicaron.<\/p>\n<div dir=\"auto\"><\/div>\n","protected":false},"excerpt":{"rendered":"<p>Los organizadores de la Fiesta del Paseo de la Ribera convocan a valorar y defendamos el R\u00edo Quequ\u00e9n Grande y su cuenca. A trav\u00e9s de un comunicado de prensa indicaron que \u00abel d\u00eda 13 de Noviembre si te gusta nadar, si tenes un kayak, una tabla de standup o una Canoa, te esperamos para salir [&hellip;]<\/p>\n","protected":false},"author":3,"featured_media":95071,"comment_status":"closed","ping_status":"closed","sticky":false,"template":"","format":"standard","meta":{"footnotes":""},"categories":[3],"tags":[],"class_list":["post-95070","post","type-post","status-publish","format-standard","has-post-thumbnail","category-masnoticias"],"_links":{"self":[{"href":"https:\/\/primicias2262.com\/noticias\/wp-json\/wp\/v2\/posts\/95070","targetHints":{"allow":["GET"]}}],"collection":[{"href":"https:\/\/primicias2262.com\/noticias\/wp-json\/wp\/v2\/posts"}],"about":[{"href":"https:\/\/primicias2262.com\/noticias\/wp-json\/wp\/v2\/types\/post"}],"author":[{"embeddable":true,"href":"https:\/\/primicias2262.com\/noticias\/wp-json\/wp\/v2\/users\/3"}],"replies":[{"embeddable":true,"href":"https:\/\/primicias2262.com\/noticias\/wp-json\/wp\/v2\/comments?post=95070"}],"version-history":[{"count":0,"href":"https:\/\/primicias2262.com\/noticias\/wp-json\/wp\/v2\/posts\/95070\/revisions"}],"wp:attachment":[{"href":"https:\/\/primicias2262.com\/noticias\/wp-json\/wp\/v2\/media?parent=95070"}],"wp:term":[{"taxonomy":"category","embeddable":true,"href":"https:\/\/primicias2262.com\/noticias\/wp-json\/wp\/v2\/categories?post=95070"},{"taxonomy":"post_tag","embeddable":true,"href":"https:\/\/primicias2262.com\/noticias\/wp-json\/wp\/v2\/tags?post=95070"}],"curies":[{"name":"wp","href":"https:\/\/api.w.org\/{rel}","templated":true}]}}