{"id":95073,"date":"2022-11-09T16:38:22","date_gmt":"2022-11-09T19:38:22","guid":{"rendered":"https:\/\/primicias2262.com\/?p=95073"},"modified":"2022-11-09T16:38:22","modified_gmt":"2022-11-09T19:38:22","slug":"la-cgt-solicito-la-reapertura-de-la-subdelegacion-del-ministerio-de-trabajo-de-la-nacion","status":"publish","type":"post","link":"https:\/\/primicias2262.com\/noticias\/la-cgt-solicito-la-reapertura-de-la-subdelegacion-del-ministerio-de-trabajo-de-la-nacion\/","title":{"rendered":"La CGT solicit\u00f3 la reapertura de la subdelegaci\u00f3n del Ministerio de Trabajo de la Naci\u00f3n"},"content":{"rendered":"<p><strong>Fue uno de los temas tratados en el reciente encuentro de la central sindical local que tuvo lugar en la sede de calle 70, presidida por binomio que la encabeza, integrado por el camionero Alberto Peralta y el bancario Demian Ledesma.<\/strong><\/p>\n<p><strong>Por Jorge G\u00f3mez<\/strong><\/p>\n<p>La CGT Regional Necochea solicitar\u00e1 a la ministra de Trabajo de la Naci\u00f3n, Kelly Olmos, la reapertura de la subdelegaci\u00f3n del Ministerio de Trabajo de la Naci\u00f3n, organismo que funcion\u00f3 tiempo atr\u00e1s en nuestro medio, y que fuera cerrada tras medidas de ajuste que se dispuso en el transcurso de la gesti\u00f3n de gobierno del ex presidente Mauricio Macri.<\/p>\n<p>La solicitud fue plasmada en una nota que ser\u00e1 elevada ante aquella autoridad nacional, habida cuenta que \u201ces necesario contar con una dependencia de este car\u00e1cter en Necochea, m\u00e1s teniendo en cuenta las competencias que tiene al momento de intervenir en el marco de actuaci\u00f3n de una comunidad como la nuestra que, entre otros servicios, se encuentra con un puerto de aguas profundas que brinda todo el a\u00f1o actividades laborales que se reglamentan y se ordenan a nivel nacional\u201d, se inform\u00f3, entre otras consideraciones.<\/p>\n<p>Se recuerda que esta repartici\u00f3n estuvo operativa en una oficina lindante tiempo atr\u00e1s casi lindante a la Municipalidad de Necochea, sobre calle 56, con personal y autoridades que en su momento intervinieron en diversas situaciones.<\/p>\n<p>Presidieron las recientes deliberaciones de la CGT local el binomio que la tiene a su frente al secretario general del Sindicato de Choferes de Camiones, Alberto Peralta, y al titular de la Bancaria de Necochea, Demi\u00e1n Ledesma.<\/p>\n<p>El encuentro tuvo lugar en la sede \u201ccegetista\u201d local, en calle 70 entre 53 y 51, con la concurrencia de numerosos dirigentes que representan a gremios y sindicatos con actuaci\u00f3n en nuestro distrito.<\/p>\n<p>Otro de los t\u00f3picos abordados fue la intervenci\u00f3n de autoridades sindicales en el reclamo de vecinos y de la comunidad educativa, como as\u00ed de los trabajadores que prestan servicio en la Escuela N\u00ba 47, Almafuerte, sita en calle 60 y 149 bis, m\u00e1s precisamente en inmediaciones a la Villa del Deportista como as\u00ed a barrios aleda\u00f1os, quienes vienen planteando la necesidad de regularizar y solucionar las actividades de cultivo y de fumigaci\u00f3n que tienen lugar en cercan\u00edas al establecimiento, con impacto en la salud de quienes concurren al establecimiento.<\/p>\n<p>Se record\u00f3, en este sentido, una reciente visita que hizo al lugar el intendente municipal de Necochea, doctor Arturo Rojas, quien tom\u00f3 adem\u00e1s nota de la citada petici\u00f3n, comprometi\u00e9ndose -seg\u00fan pudo saber- a gestionar una respuesta a la inquietud.<\/p>\n<p>Fue tambi\u00e9n otra cuesti\u00f3n abordada en esta reuni\u00f3n de la CGT Regional Necochea la problem\u00e1tica que viene afectando seriamente al mundo laboral por la gravitaci\u00f3n que resulta de la aplicaci\u00f3n del impuesto a las ganancias, la necesidad de corregir los valores que hacen a que buena parte de los trabajadores tengan que aportar en este sentido<\/p>\n<p>Tambi\u00e9n se tom\u00f3 nota de proyectos que aluden al asunto, en busca de encontrar soluciones al respecto, los que son materia de deliberaci\u00f3n en el Congreso Nacional, impulsados por legisladores de extracci\u00f3n sindical, tal el caso de una de las iniciativas puestas a consideraci\u00f3n por el diputado nacional del Frente de Todos y adem\u00e1s secretario general de la Bancaria, Sergio Palazzo.<\/p>\n<p>Por \u00faltimo, se hizo menci\u00f3n a la visita que realizar\u00e1 este viernes 11 de noviembre a Necochea la dirigencia del sindicato que nuclea a los trabajadores y trabajadores recicladores, quienes ser\u00e1n recibidos por autoridades de la CGT local. Los visitante dar\u00e1n cuenta del desarrollo de su actividad.<\/p>\n","protected":false},"excerpt":{"rendered":"<p>Fue uno de los temas tratados en el reciente encuentro de la central sindical local que tuvo lugar en la sede de calle 70, presidida por binomio que la encabeza, integrado por el camionero Alberto Peralta y el bancario Demian Ledesma. Por Jorge G\u00f3mez La CGT Regional Necochea solicitar\u00e1 a la ministra de Trabajo de [&hellip;]<\/p>\n","protected":false},"author":3,"featured_media":95074,"comment_status":"closed","ping_status":"closed","sticky":false,"template":"","format":"standard","meta":{"footnotes":""},"categories":[3],"tags":[],"class_list":["post-95073","post","type-post","status-publish","format-standard","has-post-thumbnail","category-masnoticias"],"_links":{"self":[{"href":"https:\/\/primicias2262.com\/noticias\/wp-json\/wp\/v2\/posts\/95073","targetHints":{"allow":["GET"]}}],"collection":[{"href":"https:\/\/primicias2262.com\/noticias\/wp-json\/wp\/v2\/posts"}],"about":[{"href":"https:\/\/primicias2262.com\/noticias\/wp-json\/wp\/v2\/types\/post"}],"author":[{"embeddable":true,"href":"https:\/\/primicias2262.com\/noticias\/wp-json\/wp\/v2\/users\/3"}],"replies":[{"embeddable":true,"href":"https:\/\/primicias2262.com\/noticias\/wp-json\/wp\/v2\/comments?post=95073"}],"version-history":[{"count":0,"href":"https:\/\/primicias2262.com\/noticias\/wp-json\/wp\/v2\/posts\/95073\/revisions"}],"wp:attachment":[{"href":"https:\/\/primicias2262.com\/noticias\/wp-json\/wp\/v2\/media?parent=95073"}],"wp:term":[{"taxonomy":"category","embeddable":true,"href":"https:\/\/primicias2262.com\/noticias\/wp-json\/wp\/v2\/categories?post=95073"},{"taxonomy":"post_tag","embeddable":true,"href":"https:\/\/primicias2262.com\/noticias\/wp-json\/wp\/v2\/tags?post=95073"}],"curies":[{"name":"wp","href":"https:\/\/api.w.org\/{rel}","templated":true}]}}