{"id":95076,"date":"2022-11-09T16:41:40","date_gmt":"2022-11-09T19:41:40","guid":{"rendered":"https:\/\/primicias2262.com\/?p=95076"},"modified":"2022-11-09T16:41:40","modified_gmt":"2022-11-09T19:41:40","slug":"la-semana-proxima-abriran-las-inscripcion-en-los-5-jardines-maternales","status":"publish","type":"post","link":"https:\/\/primicias2262.com\/noticias\/la-semana-proxima-abriran-las-inscripcion-en-los-5-jardines-maternales\/","title":{"rendered":"La semana pr\u00f3xima abrir\u00e1n las inscripci\u00f3n en los 5 jardines maternales"},"content":{"rendered":"<div class=\"elementor elementor-47918 dce-elementor-post-76042 elementor-location-single post-76042 post type-post status-publish format-standard has-post-thumbnail hentry category-social category-prensa tag-4024 tag-ciclo-lectivo tag-comunidad tag-inscripcion tag-jardines tag-municipales tag-noviembre\" data-elementor-type=\"single\" data-elementor-id=\"47918\" data-post-id=\"76042\" data-obj-id=\"76042\">\n<div class=\"elementor-section-wrap\">\n<section class=\"elementor-section elementor-top-section elementor-element elementor-element-2fa324cd elementor-section-boxed elementor-section-height-default elementor-section-height-default\" data-id=\"2fa324cd\" data-element_type=\"section\">\n<div class=\"elementor-container elementor-column-gap-default\">\n<div class=\"elementor-row\">\n<div class=\"elementor-column elementor-col-100 elementor-top-column elementor-element elementor-element-3799173d\" data-id=\"3799173d\" data-element_type=\"column\">\n<div class=\"elementor-column-wrap elementor-element-populated\">\n<div class=\"elementor-widget-wrap\">\n<div class=\"elementor-element elementor-element-4e81b259 elementor-widget elementor-widget-theme-post-content\" data-id=\"4e81b259\" data-element_type=\"widget\" data-widget_type=\"theme-post-content.default\">\n<div class=\"elementor-widget-container\">\n<p>La Direcci\u00f3n de Educaci\u00f3n, a cargo de Mariela Cellerino, informa que a partir del pr\u00f3ximo lunes 14, y hasta el viernes 18 inclusive, estar\u00e1 abierta la inscripci\u00f3n a los jardines municipales para toda la comunidad, en lo que respecta al ciclo lectivo 2023.<\/p>\n<p>En lo que concierne a los maternales Barquito de Papel, Acuario y Pichi Huinca, los padres o tutores deber\u00e1n dirigirse de 9 a 11 y, de hacerlo de tarde, de 15 a 16:30. Si bien en lo que ata\u00f1e al Evita tambi\u00e9n se anotar\u00e1 a los ni\u00f1os de 9 a 11, en esa instituci\u00f3n de tarde var\u00eda la franja horaria, ya que lunes y mi\u00e9rcoles ser\u00e1 de 13:30 a 14:30 mientras que martes, jueves y viernes de 13:30 a 15:30.<\/p>\n<p>Asimismo, en lo que hace al Jard\u00edn de Infantes Lassale, los horarios son lunes y mi\u00e9rcoles de 9 a 11 y el resto de los d\u00edas solo de 13 a 16.<\/p>\n<p>Cabe decir que, en todos los casos, es requisito \u00fanico e indispensable acercarse con el DNI original del peque\u00f1o y de los padres.<\/p>\n<\/div>\n<\/div>\n<\/div>\n<\/div>\n<\/div>\n<\/div>\n<\/div>\n<\/section>\n<\/div>\n<\/div>\n<div id=\"elementor-popup-modal-75982\" class=\"dialog-widget dialog-lightbox-widget dialog-type-buttons dialog-type-lightbox elementor-popup-modal\">\n<div class=\"dialog-widget-content dialog-lightbox-widget-content animated\">\n<div class=\"dialog-message dialog-lightbox-message\">\n<div class=\"elementor elementor-75982 dce-elementor-post-76042 elementor-location-popup\" data-elementor-type=\"popup\" data-elementor-id=\"75982\" data-post-id=\"76042\" data-obj-id=\"76042\" data-elementor-settings=\"{&quot;entrance_animation&quot;:&quot;fadeInUp&quot;,&quot;entrance_animation_duration&quot;:{&quot;unit&quot;:&quot;px&quot;,&quot;size&quot;:0.8,&quot;sizes&quot;:[]},&quot;prevent_close_on_background_click&quot;:&quot;yes&quot;,&quot;prevent_close_on_esc_key&quot;:&quot;yes&quot;,&quot;triggers&quot;:{&quot;page_load_delay&quot;:0.2,&quot;page_load&quot;:&quot;yes&quot;},&quot;timing&quot;:{&quot;devices_devices&quot;:[&quot;desktop&quot;,&quot;mobile&quot;],&quot;devices&quot;:&quot;yes&quot;}}\">\n<div class=\"elementor-section-wrap\">\n<section class=\"elementor-section elementor-top-section elementor-element elementor-element-8e94703 elementor-hidden-tablet elementor-section-boxed elementor-section-height-default elementor-section-height-default\" data-dce-background-color=\"#FFFFFF00\" data-id=\"8e94703\" data-element_type=\"section\" data-settings=\"{&quot;background_background&quot;:&quot;classic&quot;}\">\n<div class=\"elementor-container elementor-column-gap-default\">\n<div class=\"elementor-row\">\n<div class=\"elementor-column elementor-col-100 elementor-top-column elementor-element elementor-element-9596d4a\" data-dce-background-color=\"#FFFFFF00\" data-id=\"9596d4a\" data-element_type=\"column\" data-settings=\"{&quot;background_background&quot;:&quot;classic&quot;}\">\n<div class=\"elementor-column-wrap elementor-element-populated\">\n<div class=\"elementor-widget-wrap\">\n<div class=\"elementor-element elementor-element-c8fb5aa elementor-view-stacked elementor-shape-circle elementor-widget elementor-widget-icon\" data-id=\"c8fb5aa\" data-element_type=\"widget\" data-widget_type=\"icon.default\">\n<div class=\"elementor-widget-container\">\n<div class=\"elementor-icon-wrapper\"><\/div>\n<\/div>\n<\/div>\n<\/div>\n<\/div>\n<\/div>\n<\/div>\n<\/div>\n<\/section>\n<\/div>\n<\/div>\n<\/div>\n<\/div>\n<\/div>\n","protected":false},"excerpt":{"rendered":"<p>La Direcci\u00f3n de Educaci\u00f3n, a cargo de Mariela Cellerino, informa que a partir del pr\u00f3ximo lunes 14, y hasta el viernes 18 inclusive, estar\u00e1 abierta la inscripci\u00f3n a los jardines municipales para toda la comunidad, en lo que respecta al ciclo lectivo 2023. En lo que concierne a los maternales Barquito de Papel, Acuario y [&hellip;]<\/p>\n","protected":false},"author":3,"featured_media":95077,"comment_status":"closed","ping_status":"closed","sticky":false,"template":"","format":"standard","meta":{"footnotes":""},"categories":[3],"tags":[],"class_list":["post-95076","post","type-post","status-publish","format-standard","has-post-thumbnail","category-masnoticias"],"_links":{"self":[{"href":"https:\/\/primicias2262.com\/noticias\/wp-json\/wp\/v2\/posts\/95076","targetHints":{"allow":["GET"]}}],"collection":[{"href":"https:\/\/primicias2262.com\/noticias\/wp-json\/wp\/v2\/posts"}],"about":[{"href":"https:\/\/primicias2262.com\/noticias\/wp-json\/wp\/v2\/types\/post"}],"author":[{"embeddable":true,"href":"https:\/\/primicias2262.com\/noticias\/wp-json\/wp\/v2\/users\/3"}],"replies":[{"embeddable":true,"href":"https:\/\/primicias2262.com\/noticias\/wp-json\/wp\/v2\/comments?post=95076"}],"version-history":[{"count":0,"href":"https:\/\/primicias2262.com\/noticias\/wp-json\/wp\/v2\/posts\/95076\/revisions"}],"wp:attachment":[{"href":"https:\/\/primicias2262.com\/noticias\/wp-json\/wp\/v2\/media?parent=95076"}],"wp:term":[{"taxonomy":"category","embeddable":true,"href":"https:\/\/primicias2262.com\/noticias\/wp-json\/wp\/v2\/categories?post=95076"},{"taxonomy":"post_tag","embeddable":true,"href":"https:\/\/primicias2262.com\/noticias\/wp-json\/wp\/v2\/tags?post=95076"}],"curies":[{"name":"wp","href":"https:\/\/api.w.org\/{rel}","templated":true}]}}