{"id":95094,"date":"2022-11-10T18:38:12","date_gmt":"2022-11-10T21:38:12","guid":{"rendered":"https:\/\/primicias2262.com\/?p=95094"},"modified":"2022-11-10T18:38:12","modified_gmt":"2022-11-10T21:38:12","slug":"feria-de-ropa-en-santa-maria-del-carmen-para-seguir-asistiendo-a-mas-de-100-familias","status":"publish","type":"post","link":"https:\/\/primicias2262.com\/noticias\/feria-de-ropa-en-santa-maria-del-carmen-para-seguir-asistiendo-a-mas-de-100-familias\/","title":{"rendered":"Feria de ropa en Santa Mar\u00eda del Carmen para seguir asistiendo a m\u00e1s de 100 familias"},"content":{"rendered":"<p>Ser\u00e1 este s\u00e1bado de 11 a 15 al lado de la Parroquia Santa Mar\u00eda del Carmen, donde el grupo de C\u00e1ritas de dicha iglesia vender\u00e1 ropa de muy buena calidad a precios sumamente econ\u00f3micos.<\/p>\n<p>El grupo de C\u00e1ritas Santa Mar\u00eda del Carmen asiste de forma integral en la actualidad a m\u00e1s de 100 familias, y con motivo de recaudar fondos para comprar alimentos y seguir sosteniendo la asistencia organiza una feria de ropa abierta a la comunidad para el venidero s\u00e1bado 12 de noviembre, al lado de la parroquia de calle 61 entre 58 y 60.<\/p>\n<p>Laura Zabala y Alicia Arias son dos de las integrantes de dicho grupo, quienes visitaron los estudios de \u201cVoces de la Ciudad\u201d y en di\u00e1logo con el periodista Jorge G\u00f3mez informaron que la feria contar\u00e1 con distintos tipos de ropa y elementos navide\u00f1os en el port\u00f3n verde al lado de la Parroquia. Se trata de ropa donada por las personas que colaboran con el grupo.<\/p>\n<p>En primer t\u00e9rmino, Zabala sostuvo que \u201chay distintos valores econ\u00f3micos que no se consiguen en ning\u00fan local y con ese dinero compramos alimentos para la gente que ayudamos. Tratamos de que sea barata la ropa y tambi\u00e9n depende de c\u00f3mo est\u00e9 la prenda, hay veces que nos donan las cosas sin usar, y es toda ropa excelente y seleccionada\u201d.<\/p>\n<p>Por su parte, Arias revel\u00f3 que \u201cestamos atendiendo a 90 familias y tenemos a m\u00e1s de 20 en lista de espera que pensamos incorporar porque creemos en que la providencia Divida va a existir\u201d.<\/p>\n<p>Mas adelante destac\u00f3 que \u201ces integral la asistencia que hacemos a la gente, ya que asistimos en la fe con la parte espiritual en el inicio del encuentro, compartimos la Palabra y la oraci\u00f3n por sus necesidades y les damos la merienda, luego pasan por la parte de ropero, zapatos y zapatillas y mercader\u00eda, pero se hace la parte integral porque a veces quieren charlar y comentarnos sus necesidades. Ofrecemos un espacio de escucha\u201d.<\/p>\n<p>De todas maneras, \u201cllega un punto que no tenemos m\u00e1s donaciones de alimentos y todo lo que le ofrecemos a la gente lo compramos con lo que recaudamos en la feria\u201d, reconocieron, y a la pasada informaron a los vecinos que \u201clas donaciones de alimentos o ropa se pueden llevar a la secretar\u00eda de la parroquia, de 9.30 a 12 hs. y de 17.30 a 19, y si no en la sede de C\u00e1ritas, en calle 55 N\u00ba 2830, donde estamos todos los martes a la tarde para recibir\u201d.<\/p>\n<p>A continuaci\u00f3n, Zabala rescat\u00f3 el grupo humano al valorar que \u201ctenemos un grupo hermoso, somos unas 15 personas, cada una con su rol, y estamos acompa\u00f1ando a la gente y hay que hacer toda la log\u00edstica que lleva mucho tiempo: acondicionar la ropa y escuchar a la gente, tenemos el celular lleno de mensajes y estamos pensando para el a\u00f1o que viene ampliar el espacio de escucha y tener algo espec\u00edficamente para eso, sobre todo para madres\u201d.<\/p>\n<p>De hecho, cont\u00f3 que \u201ca casi todas de las 90 familias las hemos ido a visitar a sus casas y queremos tener un lugar f\u00edsico en la sede de la 55 para escuchar esas historias donde abunda mucha tristeza, que solo se puede pasar con la fe. La mayor\u00eda de las familias que hemos visitado todas tienen trabajo, pero son trabajos informales y como est\u00e1 todo hoy se les hace muy dif\u00edcil\u201d.<\/p>\n<p>Finalmente, adelantaron que \u201cel 3 de diciembre es la colecta anual de C\u00e1ritas por Navidad, que es la que se hace casa por casa, y vamos a necesitar voluntarios que quieran recorrer las casas, porque cuanto m\u00e1s casas, m\u00e1s vamos a recolectar\u201d.<\/p>\n","protected":false},"excerpt":{"rendered":"<p>Ser\u00e1 este s\u00e1bado de 11 a 15 al lado de la Parroquia Santa Mar\u00eda del Carmen, donde el grupo de C\u00e1ritas de dicha iglesia vender\u00e1 ropa de muy buena calidad a precios sumamente econ\u00f3micos. El grupo de C\u00e1ritas Santa Mar\u00eda del Carmen asiste de forma integral en la actualidad a m\u00e1s de 100 familias, y [&hellip;]<\/p>\n","protected":false},"author":3,"featured_media":95095,"comment_status":"closed","ping_status":"closed","sticky":false,"template":"","format":"standard","meta":{"footnotes":""},"categories":[3],"tags":[],"class_list":["post-95094","post","type-post","status-publish","format-standard","has-post-thumbnail","category-masnoticias"],"_links":{"self":[{"href":"https:\/\/primicias2262.com\/noticias\/wp-json\/wp\/v2\/posts\/95094","targetHints":{"allow":["GET"]}}],"collection":[{"href":"https:\/\/primicias2262.com\/noticias\/wp-json\/wp\/v2\/posts"}],"about":[{"href":"https:\/\/primicias2262.com\/noticias\/wp-json\/wp\/v2\/types\/post"}],"author":[{"embeddable":true,"href":"https:\/\/primicias2262.com\/noticias\/wp-json\/wp\/v2\/users\/3"}],"replies":[{"embeddable":true,"href":"https:\/\/primicias2262.com\/noticias\/wp-json\/wp\/v2\/comments?post=95094"}],"version-history":[{"count":0,"href":"https:\/\/primicias2262.com\/noticias\/wp-json\/wp\/v2\/posts\/95094\/revisions"}],"wp:attachment":[{"href":"https:\/\/primicias2262.com\/noticias\/wp-json\/wp\/v2\/media?parent=95094"}],"wp:term":[{"taxonomy":"category","embeddable":true,"href":"https:\/\/primicias2262.com\/noticias\/wp-json\/wp\/v2\/categories?post=95094"},{"taxonomy":"post_tag","embeddable":true,"href":"https:\/\/primicias2262.com\/noticias\/wp-json\/wp\/v2\/tags?post=95094"}],"curies":[{"name":"wp","href":"https:\/\/api.w.org\/{rel}","templated":true}]}}