{"id":95126,"date":"2022-11-11T19:45:51","date_gmt":"2022-11-11T22:45:51","guid":{"rendered":"https:\/\/primicias2262.com\/?p=95126"},"modified":"2022-11-11T19:45:51","modified_gmt":"2022-11-11T22:45:51","slug":"el-testimonio-de-un-donante-necochense-en-la-vispera-de-la-campana-de-medula-osea","status":"publish","type":"post","link":"https:\/\/primicias2262.com\/noticias\/el-testimonio-de-un-donante-necochense-en-la-vispera-de-la-campana-de-medula-osea\/","title":{"rendered":"El testimonio de un donante necochense en la v\u00edspera de la campa\u00f1a de m\u00e9dula \u00f3sea"},"content":{"rendered":"<p>Se trata de Leonardo Spaltro, quien don\u00f3 para un paciente de Grecia, y cont\u00f3 su testimonio en \u201cVoces de la Ciudad\u201d, donde estuvo acompa\u00f1ado de Yanina Penduzzu, integrante de la Colecta de Sangre que se anuncia para este domingo 13 en la planta baja del Hospital Municipal \u201cDr. Emilio Ferreyra\u201d.<\/p>\n<p>El pasado mi\u00e9rcoles 9 de noviembre fue el D\u00eda Nacional del Donante de Sangre, y en ese contexto, el periodista Jorge G\u00f3mez dialog\u00f3 con Penduzzu y Spaltro, informando primeramente Yanina que \u201cel domingo realizaremos junto con el Servicio de Hemoterapia del Hospital Ferreyra y el Consejo de Ciencias Econ\u00f3micas una colecta de sangre abierta a toda la ciudadan\u00eda de 8 a 12 hs. Es con inscripci\u00f3n previa y se pueden inscribir al 2262-575795 o 2262-357449, hasta el s\u00e1bado inclusive anotamos\u201d.<\/p>\n<p>Explic\u00f3 acerca de inscribirse que \u201cpedimos que se contacten y mandamos una lista de requisitos para ver si est\u00e1n aptas las personas para ser donantes de sangre, y si pod\u00e9s donar sangre tambi\u00e9n pod\u00e9s registrarte como potencial donante de m\u00e9dula \u00f3sea, y aparte organizamos en turnos para que no nos caiga la gente toda junta y los t\u00e9cnicos no den abasto\u201d.<\/p>\n<p>En una de estas campa\u00f1as, se anot\u00f3 Leonardo Spaltro en 2019, acerca de lo que Yanina reflexion\u00f3 alegremente que \u201cpudo salvar una vida y cuando me dijo que se hab\u00eda registrado en una campa\u00f1a nuestra no lo pod\u00edamos creer, nos pusimos re contentas. Nosotras solo convocamos a la gente para que ayude, somos como una especie de puente porque los protagonistas y eslab\u00f3n fundamental de esta cadena y dar vida en vida son los donantes\u201d.<\/p>\n<p>Por su parte, Spaltro testimoni\u00f3 que \u201cen mi caso me present\u00e9 en la campa\u00f1a que organizaron las chicas en 2019, hice la donaci\u00f3n de sangre normal y me inscrib\u00ed, y reci\u00e9n en mayo de este a\u00f1o me llamaron del INCUCAI y me dijeron que hab\u00eda sido 100% compatible con un paciente de Grecia con problema de m\u00e9dula \u00f3sea. Me preguntaron si segu\u00eda con intenciones de donar, la voluntad la tiene siempre el donante, y les dije que s\u00ed, coordinamos fechas, me trasladaron al Hospital Alem\u00e1n de Buenos Aires, me dieron bien los an\u00e1lisis y a la semana ya estaba donando\u201d.<\/p>\n<p>Lejos de las ideas que muchas veces reinan en la sociedad, Spaltro asegur\u00f3 que \u201chay desconocimiento en el sentido de que muchos piensan que donar m\u00e9dula \u00f3sea es un pinchazo en la columna y le tienen miedo a eso, y la verdad es que nada que ver, al menos con el m\u00e9todo de af\u00e9resis como fue conmigo. Es algo indoloro, solo se siente el pinchazo como cualquier inyecci\u00f3n y sal\u00eds caminando\u201d.<\/p>\n<p>Adem\u00e1s, el donante se\u00f1al\u00f3 con alegr\u00eda que \u201cGrecia no libera datos como Argentina, pero m\u00e1s all\u00e1 de que no me interesa saber qui\u00e9n es la persona, me interesa saber c\u00f3mo le fue y justamente este mi\u00e9rcoles me mandaron un mensaje que est\u00e1 vivo y en un 80% de recuperaci\u00f3n plena\u201d, para acotar entre risas que \u201cvamos a tener que ir a Grecia\u201d.<\/p>\n<p>\u201cA partir de estas cosas uno ve las cosas de otra manera en la vid\u201d, concluy\u00f3 Spaltro. Es v\u00e1lido remarcar que como requisitos para donar m\u00e9dula \u00f3sea no hay que tener ninguna patolog\u00eda, hay que tener entre 18 y 40 a\u00f1os, pesar m\u00e1s de 50 kilos y completar una ficha personal.<\/p>\n","protected":false},"excerpt":{"rendered":"<p>Se trata de Leonardo Spaltro, quien don\u00f3 para un paciente de Grecia, y cont\u00f3 su testimonio en \u201cVoces de la Ciudad\u201d, donde estuvo acompa\u00f1ado de Yanina Penduzzu, integrante de la Colecta de Sangre que se anuncia para este domingo 13 en la planta baja del Hospital Municipal \u201cDr. Emilio Ferreyra\u201d. El pasado mi\u00e9rcoles 9 de [&hellip;]<\/p>\n","protected":false},"author":3,"featured_media":95127,"comment_status":"closed","ping_status":"closed","sticky":false,"template":"","format":"standard","meta":{"footnotes":""},"categories":[3],"tags":[],"class_list":["post-95126","post","type-post","status-publish","format-standard","has-post-thumbnail","category-masnoticias"],"_links":{"self":[{"href":"https:\/\/primicias2262.com\/noticias\/wp-json\/wp\/v2\/posts\/95126","targetHints":{"allow":["GET"]}}],"collection":[{"href":"https:\/\/primicias2262.com\/noticias\/wp-json\/wp\/v2\/posts"}],"about":[{"href":"https:\/\/primicias2262.com\/noticias\/wp-json\/wp\/v2\/types\/post"}],"author":[{"embeddable":true,"href":"https:\/\/primicias2262.com\/noticias\/wp-json\/wp\/v2\/users\/3"}],"replies":[{"embeddable":true,"href":"https:\/\/primicias2262.com\/noticias\/wp-json\/wp\/v2\/comments?post=95126"}],"version-history":[{"count":0,"href":"https:\/\/primicias2262.com\/noticias\/wp-json\/wp\/v2\/posts\/95126\/revisions"}],"wp:attachment":[{"href":"https:\/\/primicias2262.com\/noticias\/wp-json\/wp\/v2\/media?parent=95126"}],"wp:term":[{"taxonomy":"category","embeddable":true,"href":"https:\/\/primicias2262.com\/noticias\/wp-json\/wp\/v2\/categories?post=95126"},{"taxonomy":"post_tag","embeddable":true,"href":"https:\/\/primicias2262.com\/noticias\/wp-json\/wp\/v2\/tags?post=95126"}],"curies":[{"name":"wp","href":"https:\/\/api.w.org\/{rel}","templated":true}]}}