{"id":95129,"date":"2022-11-11T19:56:35","date_gmt":"2022-11-11T22:56:35","guid":{"rendered":"https:\/\/primicias2262.com\/?p=95129"},"modified":"2022-11-11T19:56:35","modified_gmt":"2022-11-11T22:56:35","slug":"el-conectar-igualdad-llego-a-la-tecnica-n-2-y-a-la-secundari-n-8","status":"publish","type":"post","link":"https:\/\/primicias2262.com\/noticias\/el-conectar-igualdad-llego-a-la-tecnica-n-2-y-a-la-secundari-n-8\/","title":{"rendered":"El Conectar Igualdad lleg\u00f3 a la T\u00e9cnica N\u00b0 2 y a la Secundaria N\u00b0 8"},"content":{"rendered":"<div class=\"xdj266r x11i5rnm xat24cr x1mh8g0r x1vvkbs\">\n<p dir=\"auto\">Las escuelas T\u00e9cnica Nro. 2 y la Secundaria Nro. 8 de nuestra ciudad, sus docentes, estudiantes y familias celebraron la llegada del Programa Conectar Igualdad-<\/p>\n<\/div>\n<div class=\"x11i5rnm xat24cr x1mh8g0r x1vvkbs xtlvy1s\">\n<p dir=\"auto\">Las 113 netbooks se entregan en el marco de una charla con familias y alumnos donde se explica el origen del Programa, su alcance en todo el territorio nacional, el compromiso que hoy ratifican -escuela y familias- respecto de la importancia de continuar garantizando condiciones para que todos los alumnos completen sus estudios secundarios y algunas orientaciones muy importantes sobre el uso de los dispositivos, destacando adem\u00e1s que los mismos se encuentran en garant\u00eda por un a\u00f1o.<\/p>\n<p dir=\"auto\"><a href=\"https:\/\/primicias2262.com\/wp-content\/uploads\/2022\/11\/Escuela-48.jpg\"><img loading=\"lazy\" decoding=\"async\" class=\"aligncenter size-large wp-image-95130\" src=\"https:\/\/primicias2262.com\/wp-content\/uploads\/2022\/11\/Escuela-48-1024x932.jpg\" alt=\"\" width=\"696\" height=\"633\" \/><\/a><\/p>\n<\/div>\n","protected":false},"excerpt":{"rendered":"<p>Las escuelas T\u00e9cnica Nro. 2 y la Secundaria Nro. 8 de nuestra ciudad, sus docentes, estudiantes y familias celebraron la llegada del Programa Conectar Igualdad- Las 113 netbooks se entregan en el marco de una charla con familias y alumnos donde se explica el origen del Programa, su alcance en todo el territorio nacional, el [&hellip;]<\/p>\n","protected":false},"author":3,"featured_media":95131,"comment_status":"closed","ping_status":"closed","sticky":false,"template":"","format":"standard","meta":{"footnotes":""},"categories":[3],"tags":[],"class_list":["post-95129","post","type-post","status-publish","format-standard","has-post-thumbnail","category-masnoticias"],"_links":{"self":[{"href":"https:\/\/primicias2262.com\/noticias\/wp-json\/wp\/v2\/posts\/95129","targetHints":{"allow":["GET"]}}],"collection":[{"href":"https:\/\/primicias2262.com\/noticias\/wp-json\/wp\/v2\/posts"}],"about":[{"href":"https:\/\/primicias2262.com\/noticias\/wp-json\/wp\/v2\/types\/post"}],"author":[{"embeddable":true,"href":"https:\/\/primicias2262.com\/noticias\/wp-json\/wp\/v2\/users\/3"}],"replies":[{"embeddable":true,"href":"https:\/\/primicias2262.com\/noticias\/wp-json\/wp\/v2\/comments?post=95129"}],"version-history":[{"count":0,"href":"https:\/\/primicias2262.com\/noticias\/wp-json\/wp\/v2\/posts\/95129\/revisions"}],"wp:attachment":[{"href":"https:\/\/primicias2262.com\/noticias\/wp-json\/wp\/v2\/media?parent=95129"}],"wp:term":[{"taxonomy":"category","embeddable":true,"href":"https:\/\/primicias2262.com\/noticias\/wp-json\/wp\/v2\/categories?post=95129"},{"taxonomy":"post_tag","embeddable":true,"href":"https:\/\/primicias2262.com\/noticias\/wp-json\/wp\/v2\/tags?post=95129"}],"curies":[{"name":"wp","href":"https:\/\/api.w.org\/{rel}","templated":true}]}}