{"id":95133,"date":"2022-11-11T20:00:10","date_gmt":"2022-11-11T23:00:10","guid":{"rendered":"https:\/\/primicias2262.com\/?p=95133"},"modified":"2022-11-11T20:00:10","modified_gmt":"2022-11-11T23:00:10","slug":"el-centro-cultural-adquirio-nuevos-libros-en-el-encuentro-provincial-de-bibliotecas","status":"publish","type":"post","link":"https:\/\/primicias2262.com\/noticias\/el-centro-cultural-adquirio-nuevos-libros-en-el-encuentro-provincial-de-bibliotecas\/","title":{"rendered":"El Centro Cultural adquiri\u00f3 nuevos libros en el Encuentro Provincial de Bibliotecas"},"content":{"rendered":"<p>El Centro Cultural Necochea Biblioteca Popular Andr\u00e9s Ferreyra (CCN\/BPAF) adquiri\u00f3 nuevos libros durante el Encuentro de Bibliotecas Populares organizado por el Instituto Cultural de la provincia de Buenos Aires y que tuvo lugar en Chapadmalal.<\/p>\n<p>El evento cont\u00f3 con la participaci\u00f3n de unas 300 personas en representaci\u00f3n de 150 bibliotecas de todo el territorio bonaerense las cu\u00e1les recibieron un subsidio para la compra de libros, iniciativa de la CONABIP (Comisi\u00f3n Nacional Protectora de Bibliotecas Populares).<\/p>\n<p>La adquisici\u00f3n de ejemplares -que adem\u00e1s fue con un descuento de 50%- y el gasto de ese dinero se dio en el complejo tur\u00edstico en una feria de libro convocada para tal final y conformada por unas 35 editoriales independientes bonaerenses.<\/p>\n<p>En este contexto, el CCN\/BPAF compr\u00f3 libros para los distintos perfiles de p\u00fablico entre los que se encuentran novelas como \u201cEl susurro del viento\u201d de Claudia Barzana; \u201cNo quiere casarse\u201d de Ver\u00f3nica Mangual, e \u201cIndomable\u201d de Susana Biset.<br \/>\nPara los chicos y chicas, se eligieron ejemplares de editorial Sudestada como \u201cL\u00edo Messi\u201d y \u201cAlejandra Pizarnik\u201d, entre otros.<\/p>\n<p>Tambi\u00e9n \u201cSemillas para una nueva conciencia\u201d de Jorge Rulli adem\u00e1s del nuevo libro de Editoriales Bonaerenses \u201cOtra vuelta en el tiempo\u201d. Concurso 200 a\u00f1os Banco Provincia (este \u00faltimo ejemplar fue en car\u00e1cter de regalo).<\/p>\n<p>Cabe destacar que por CCN\/BPAF participaron su director Alberto Franco, y el bibliotecario Sebasti\u00e1n Albizuri, quienes aprovecharon la oportunidad para mantener reuniones con Mar\u00eda del Carmen Bianchi, titular de CONABIP, y Ximena Talento, Directora Provincial de Promoci\u00f3n de la Lectura del Instituto Cultural.<\/p>\n<p>El encuentro que se realiz\u00f3 el lunes y martes pasado en Chapadmalal, cont\u00f3 con charlas, mesas de experiencias, y exposiciones. Durante las jornadas, los y las asistentes dialogaron sobre modelos y experiencias de gesti\u00f3n, acceso a la informaci\u00f3n y promoci\u00f3n de derechos, y sobre la promoci\u00f3n de la lectura y la escritura.<\/p>\n","protected":false},"excerpt":{"rendered":"<p>El Centro Cultural Necochea Biblioteca Popular Andr\u00e9s Ferreyra (CCN\/BPAF) adquiri\u00f3 nuevos libros durante el Encuentro de Bibliotecas Populares organizado por el Instituto Cultural de la provincia de Buenos Aires y que tuvo lugar en Chapadmalal. El evento cont\u00f3 con la participaci\u00f3n de unas 300 personas en representaci\u00f3n de 150 bibliotecas de todo el territorio bonaerense [&hellip;]<\/p>\n","protected":false},"author":3,"featured_media":95134,"comment_status":"closed","ping_status":"closed","sticky":false,"template":"","format":"standard","meta":{"footnotes":""},"categories":[5],"tags":[],"class_list":{"0":"post-95133","1":"post","2":"type-post","3":"status-publish","4":"format-standard","5":"has-post-thumbnail","7":"category-neco"},"_links":{"self":[{"href":"https:\/\/primicias2262.com\/noticias\/wp-json\/wp\/v2\/posts\/95133","targetHints":{"allow":["GET"]}}],"collection":[{"href":"https:\/\/primicias2262.com\/noticias\/wp-json\/wp\/v2\/posts"}],"about":[{"href":"https:\/\/primicias2262.com\/noticias\/wp-json\/wp\/v2\/types\/post"}],"author":[{"embeddable":true,"href":"https:\/\/primicias2262.com\/noticias\/wp-json\/wp\/v2\/users\/3"}],"replies":[{"embeddable":true,"href":"https:\/\/primicias2262.com\/noticias\/wp-json\/wp\/v2\/comments?post=95133"}],"version-history":[{"count":0,"href":"https:\/\/primicias2262.com\/noticias\/wp-json\/wp\/v2\/posts\/95133\/revisions"}],"wp:featuredmedia":[{"embeddable":true,"href":"https:\/\/primicias2262.com\/noticias\/wp-json\/"}],"wp:attachment":[{"href":"https:\/\/primicias2262.com\/noticias\/wp-json\/wp\/v2\/media?parent=95133"}],"wp:term":[{"taxonomy":"category","embeddable":true,"href":"https:\/\/primicias2262.com\/noticias\/wp-json\/wp\/v2\/categories?post=95133"},{"taxonomy":"post_tag","embeddable":true,"href":"https:\/\/primicias2262.com\/noticias\/wp-json\/wp\/v2\/tags?post=95133"}],"curies":[{"name":"wp","href":"https:\/\/api.w.org\/{rel}","templated":true}]}}