{"id":95141,"date":"2022-11-11T21:13:49","date_gmt":"2022-11-12T00:13:49","guid":{"rendered":"https:\/\/primicias2262.com\/?p=95141"},"modified":"2022-11-11T21:13:49","modified_gmt":"2022-11-12T00:13:49","slug":"los-ultimos-mensajes-de-bertoldi-y-maizzani-de-cara-a-las-elecciones-radicales-del-domingo","status":"publish","type":"post","link":"https:\/\/primicias2262.com\/noticias\/los-ultimos-mensajes-de-bertoldi-y-maizzani-de-cara-a-las-elecciones-radicales-del-domingo\/","title":{"rendered":"Los \u00faltimos mensajes de Bertoldi y Maizzani de cara a las elecciones radicales del domingo"},"content":{"rendered":"<p>Ambas candidatas a presidir el Comit\u00e9 radical de Necochea \u201cEmiliano Ab\u00e1solo\u201d pasaron por los estudios de \u201cVoces de la Ciudad\u201d. Mientras Bertoldi asegur\u00f3 que \u201csomos una lista plural y heterog\u00e9nea\u201d, Maizzani asegur\u00f3 que pretenden garantizar una apertura amplia del radicalismo.<\/p>\n<p>Este domingo 13, de 8 a 18 hs., ser\u00e1 el d\u00eda en que los afiliados de la Uni\u00f3n C\u00edvica Radical del distrito elijan qui\u00e9n guiar\u00e1 los destinos del Comit\u00e9 \u201cEmiliano Ab\u00e1solo\u201d. Para ello est\u00e1n habilitados 4002 afiliados en el padr\u00f3n, que podr\u00e1n optar por seguir con la conducci\u00f3n actual, aunque en la figura de la Dra. Carola Bertoldi, o elegir a la lista antag\u00f3nica que encabeza Gracias Maizzani.<\/p>\n<p>Ambas dialogaron con el periodista Jorge G\u00f3mez para dejar sus \u00faltimos mensajes, y si bien hay contrapuntos, coincidieron en que primero escucharon a los afiliados y en caso de ganar se convocar\u00e1n una a la otra para dialogar y ponerse a trabajar de cara al 2023.<\/p>\n<p>En primer t\u00e9rmino, la Dra. Carola Bertoldi, quien encabeza la Lista 123, con Mateo Ruppel como vicepresidente, sostuvo que \u201cseguimos visitando afiliados, primero escuchamos y despu\u00e9s reci\u00e9n comentamos lo que nosotros pretendemos\u201d.<\/p>\n<p>Asegur\u00f3 que \u201csomos una lista con un grupo de gente bastante diferente: somos heterog\u00e9neos y esa es la fortaleza de nuestra lista, hay hombres y mujeres con experiencia, j\u00f3venes de distintos sectores y lugares de trabajo, desde lo social o desde lo profesional, as\u00ed que para nosotros es una lista plural y heterog\u00e9nea\u201d.<\/p>\n<p>\u201cSi ganamos, la idea es conversar al d\u00eda siguiente, convocar al otro sector para sentarnos a trabajar para el a\u00f1o que viene\u201d, desliz\u00f3 Carola, y defini\u00f3 que \u201cson varios pasos y este es el primero, elegir las autoridades que van a conducir el proceso hasta las elecciones del a\u00f1o que viene. Aspiro a presentar una buena oferta el a\u00f1o que viene para la ciudadan\u00eda y entiendo que se necesita m\u00e1s radicalismo en la ciudad\u201d.<\/p>\n<p>Asimismo, Bertoldi remarc\u00f3 la importancia de poder dialogar con todos los sectores, \u201cprimeramente del partido, y despu\u00e9s de Juntos por el Cambio y los dem\u00e1s actores pol\u00edticos de la ciudad, para que todos los sectores trabajen para Necochea\u201d, enfatiz\u00f3 que gusta de los proyectos para el municipio y no le interesan las vanidades personales.<\/p>\n<p>Por su parte, quien encabeza la Lista 133, Graciana Maizzani, con Juan Pablo Villarreal como vicepresidente, hizo \u00e9nfasis en cambiar de m\u00e9todos, renovar y abrir la participaci\u00f3n de otros en el radicalismo. \u201cDetr\u00e1s del equipo que conformamos con la 133 estamos muy contentos, nos ha ido muy bien en todas las recorridas por el distrito, donde la gente nos dice\u201cqu\u00e9 bueno que nos vienen a ver\u201d, y es que hac\u00eda mucho tiempo que a muchos afiliados no se los convocaba\u201d.<\/p>\n<p>Siendo m\u00e1s punzante, Graciana se\u00f1al\u00f3 que \u201ces un poco lo que venimos planteando desde nuestro espacio, abrir el comit\u00e9 porque en realidad hoy tenemos un comit\u00e9 encabezado por el Dr. Esnaola (Alberto) que convoca \u00fanicamente a sus amigos, a los que les caen bien y los que le dicen lo que quiere escuchar\u00bb.<\/p>\n<p>\u00abAquel que dice algo que no est\u00e1 bien en su an\u00e1lisis, no es convocado, y me ha pasado a m\u00ed particularmente, no me convoca y de hecho me tiene bloqueada en WahtsApp, no me quita el sue\u00f1o, pero si a m\u00ed y a un mont\u00f3n de mujeres nos bloquea porque firmamos un documento o porque tenemos alguna expresi\u00f3n sobre un tema en particular, imag\u00ednate lo que genera en un mont\u00f3n de afiliados, y esta es la principal diferencia\u201d, remarc\u00f3.<\/p>\n<p>Incluso, asegur\u00f3 que \u201cyo no tengo grandes diferencias con Carola, pero s\u00ed con aquellas personas que forman parte del espacio que hoy ella representa, esa es la principal diferencia entre las dos\u201d-<\/p>\n<p>Finalmente, sostuvo que \u201cesto se trata de volver a darle una apertura a los afiliados que participan del d\u00eda a d\u00eda en el Comit\u00e9. Los afiliados tienen mucho para decir, hemos tenido internas anteriormente y han ido a votar un m\u00e1ximo de 700 personas sobre un padr\u00f3n de 4 mil, y sobre esto tenemos que hacer un mea culpa los radicales de la situaci\u00f3n en la que estamos tambi\u00e9n\u2026 si no logramos enamorar a los 4 mil afiliados, poco vamos a poder enamorar al resto de la sociedad\u201d.<\/p>\n","protected":false},"excerpt":{"rendered":"<p>Ambas candidatas a presidir el Comit\u00e9 radical de Necochea \u201cEmiliano Ab\u00e1solo\u201d pasaron por los estudios de \u201cVoces de la Ciudad\u201d. Mientras Bertoldi asegur\u00f3 que \u201csomos una lista plural y heterog\u00e9nea\u201d, Maizzani asegur\u00f3 que pretenden garantizar una apertura amplia del radicalismo. Este domingo 13, de 8 a 18 hs., ser\u00e1 el d\u00eda en que los afiliados [&hellip;]<\/p>\n","protected":false},"author":3,"featured_media":95144,"comment_status":"closed","ping_status":"closed","sticky":false,"template":"","format":"standard","meta":{"footnotes":""},"categories":[3],"tags":[],"class_list":["post-95141","post","type-post","status-publish","format-standard","has-post-thumbnail","category-masnoticias"],"_links":{"self":[{"href":"https:\/\/primicias2262.com\/noticias\/wp-json\/wp\/v2\/posts\/95141","targetHints":{"allow":["GET"]}}],"collection":[{"href":"https:\/\/primicias2262.com\/noticias\/wp-json\/wp\/v2\/posts"}],"about":[{"href":"https:\/\/primicias2262.com\/noticias\/wp-json\/wp\/v2\/types\/post"}],"author":[{"embeddable":true,"href":"https:\/\/primicias2262.com\/noticias\/wp-json\/wp\/v2\/users\/3"}],"replies":[{"embeddable":true,"href":"https:\/\/primicias2262.com\/noticias\/wp-json\/wp\/v2\/comments?post=95141"}],"version-history":[{"count":0,"href":"https:\/\/primicias2262.com\/noticias\/wp-json\/wp\/v2\/posts\/95141\/revisions"}],"wp:attachment":[{"href":"https:\/\/primicias2262.com\/noticias\/wp-json\/wp\/v2\/media?parent=95141"}],"wp:term":[{"taxonomy":"category","embeddable":true,"href":"https:\/\/primicias2262.com\/noticias\/wp-json\/wp\/v2\/categories?post=95141"},{"taxonomy":"post_tag","embeddable":true,"href":"https:\/\/primicias2262.com\/noticias\/wp-json\/wp\/v2\/tags?post=95141"}],"curies":[{"name":"wp","href":"https:\/\/api.w.org\/{rel}","templated":true}]}}