{"id":95159,"date":"2022-11-12T17:01:53","date_gmt":"2022-11-12T20:01:53","guid":{"rendered":"https:\/\/primicias2262.com\/?p=95159"},"modified":"2022-11-12T17:01:53","modified_gmt":"2022-11-12T20:01:53","slug":"la-upc-llama-a-licitacion-para-distribuir-facturas-y-reparar-techos-de-la-sala-velatoria","status":"publish","type":"post","link":"https:\/\/primicias2262.com\/noticias\/la-upc-llama-a-licitacion-para-distribuir-facturas-y-reparar-techos-de-la-sala-velatoria\/","title":{"rendered":"La UPC llama a licitaci\u00f3n para distribuir facturas y reparar techos de la sala velatoria"},"content":{"rendered":"<p>La Usina Popular Cooperativa informa a sus asociados que se realizar\u00e1 un llamado a licitaci\u00f3n para cubrir el servicio de distribuci\u00f3n de facturas de consumo el\u00e9ctrico y de Servicios Sociales de la Usina Salud.<\/p>\n<p>Adem\u00e1s, se efectuar\u00e1 tambi\u00e9n la licitaci\u00f3n para la reparaci\u00f3n de los techos de las salas velatorias de avenida 59 y 80.<\/p>\n<p>Para el servicio de distribuci\u00f3n de facturas, las propuestas ser\u00e1n recibidas a partir del lunes 14 de noviembre y hasta el viernes 25 del mismo mes inclusive.<\/p>\n<p>En tanto que, para la obra de infraestructura en las salas velatorias, las propuestas pueden formularse desde el lunes 14 de noviembre hasta el jueves 17 inclusive.<\/p>\n<p>En ambos casos, los pliegos de bases y condiciones, estar\u00e1n disponibles de manera gratuita desde el pr\u00f3ximo lunes en el sector Abastecimiento\/ Compras de la UPC, ubicado en avenida 59 y 42. Ante cualquier consulta, los oferentes podr\u00e1n comunicarse al tel\u00e9fono 43-3131 \u2013 interno 133.<\/p>\n<p>Al t\u00e9rmino de las licitaciones se informar\u00e1 a los asociados sobre los ganadores de cada uno de los procesos.<\/p>\n","protected":false},"excerpt":{"rendered":"<p>La Usina Popular Cooperativa informa a sus asociados que se realizar\u00e1 un llamado a licitaci\u00f3n para cubrir el servicio de distribuci\u00f3n de facturas de consumo el\u00e9ctrico y de Servicios Sociales de la Usina Salud. Adem\u00e1s, se efectuar\u00e1 tambi\u00e9n la licitaci\u00f3n para la reparaci\u00f3n de los techos de las salas velatorias de avenida 59 y 80. [&hellip;]<\/p>\n","protected":false},"author":3,"featured_media":95160,"comment_status":"closed","ping_status":"closed","sticky":false,"template":"","format":"standard","meta":{"footnotes":""},"categories":[3],"tags":[],"class_list":["post-95159","post","type-post","status-publish","format-standard","has-post-thumbnail","category-masnoticias"],"_links":{"self":[{"href":"https:\/\/primicias2262.com\/noticias\/wp-json\/wp\/v2\/posts\/95159","targetHints":{"allow":["GET"]}}],"collection":[{"href":"https:\/\/primicias2262.com\/noticias\/wp-json\/wp\/v2\/posts"}],"about":[{"href":"https:\/\/primicias2262.com\/noticias\/wp-json\/wp\/v2\/types\/post"}],"author":[{"embeddable":true,"href":"https:\/\/primicias2262.com\/noticias\/wp-json\/wp\/v2\/users\/3"}],"replies":[{"embeddable":true,"href":"https:\/\/primicias2262.com\/noticias\/wp-json\/wp\/v2\/comments?post=95159"}],"version-history":[{"count":0,"href":"https:\/\/primicias2262.com\/noticias\/wp-json\/wp\/v2\/posts\/95159\/revisions"}],"wp:attachment":[{"href":"https:\/\/primicias2262.com\/noticias\/wp-json\/wp\/v2\/media?parent=95159"}],"wp:term":[{"taxonomy":"category","embeddable":true,"href":"https:\/\/primicias2262.com\/noticias\/wp-json\/wp\/v2\/categories?post=95159"},{"taxonomy":"post_tag","embeddable":true,"href":"https:\/\/primicias2262.com\/noticias\/wp-json\/wp\/v2\/tags?post=95159"}],"curies":[{"name":"wp","href":"https:\/\/api.w.org\/{rel}","templated":true}]}}