{"id":95162,"date":"2022-11-12T17:07:08","date_gmt":"2022-11-12T20:07:08","guid":{"rendered":"https:\/\/primicias2262.com\/?p=95162"},"modified":"2022-11-12T17:07:08","modified_gmt":"2022-11-12T20:07:08","slug":"el-karamawi-se-prepara-para-el-verano-y-anuncia-promociones-para-vecinos-de-la-ciudad","status":"publish","type":"post","link":"https:\/\/primicias2262.com\/noticias\/el-karamawi-se-prepara-para-el-verano-y-anuncia-promociones-para-vecinos-de-la-ciudad\/","title":{"rendered":"El \u201cKaramawi\u201d se prepara para el verano y anuncia promociones para vecinos de la ciudad"},"content":{"rendered":"<p>El titular del paradis\u00edaco lugar de la costa necochense, Claudio \u201cZurdo\u201d Gonz\u00e1lez, habl\u00f3 sobre el presente del Parador Karamawi en los estudios de \u201cVoces de la Ciudad\u201d, durante una nota realizada por el periodista Jorge G\u00f3mez.<\/p>\n<p>Al inicio, el \u201cZurdo\u201d manifest\u00f3 que \u201cestuvimos con mucho mantenimiento durante el invierno, dando un servicio acotado de restaurant y a partir del 1\u00ba de diciembre ya empezaremos a dar todos los servicios\u201d.<\/p>\n<p>Rumbo al verano, anunci\u00f3 el empresario que \u201ctenemos una promoci\u00f3n para residentes en Necochea y Quequ\u00e9n con un costo acomodado, y para ello tienen que dirigirse al 2262-585965, env\u00edan un WhatsApp a ese n\u00famero y la persona encargada de ventas de unidades de sombra se comunica y siguen la gesti\u00f3n \u00e9l\u201d.<\/p>\n<p>Al respecto, Gonz\u00e1lez asegur\u00f3 que \u201chay un n\u00famero reservado para nuestros vecinos, son precios acomodados donde se incluye el uso de la unidad de sombra, las duchas, sanitarios y estacionamiento, m\u00e1s el servicio de Wifi, el restaurant de pescados y mariscos, cerveza de Ibus y churros El Topo\u201d.<\/p>\n<p>Afirm\u00f3 por ende que \u201ctenemos todos los servicios en un lugar privilegiado con una vista hermosa, donde el fin de tarde es incre\u00edble\u201d, y adelant\u00f3 que \u201centre el 20 y el 31 de diciembre haremos un evento importante para recibir la temporada\u201d.<\/p>\n<p>Para todo esto, el \u201cZurdo\u201d resalt\u00f3 la importancia de la interacci\u00f3n con la gente y los beneficios al informar que \u201cnos pueden encontrar en las redes como Playa Karamawi en Instagran y Facebook, donde hay informaci\u00f3n e im\u00e1genes referenciales, y vamos a publicar un concurso para sortear una quincena de carpas y sombrillas durante el verano o cenas en el restaurant\u201d.<\/p>\n<p>A su vez, valor\u00f3 que \u201cempezamos hace 6 a\u00f1os en lo que era un lugar lejano y abandonado, pero ahora estamos integrados, es la esquina de la cancha de Villa del Parque para doblar si vas por Av. 10\u201d, y de cara al verano manifest\u00f3 que \u201chay muchas reservas y creo que va a ser buena la temporada, incluso, lo de mejor calidad ya est\u00e1 todo reservado en la ciudad\u201d.<\/p>\n","protected":false},"excerpt":{"rendered":"<p>El titular del paradis\u00edaco lugar de la costa necochense, Claudio \u201cZurdo\u201d Gonz\u00e1lez, habl\u00f3 sobre el presente del Parador Karamawi en los estudios de \u201cVoces de la Ciudad\u201d, durante una nota realizada por el periodista Jorge G\u00f3mez. Al inicio, el \u201cZurdo\u201d manifest\u00f3 que \u201cestuvimos con mucho mantenimiento durante el invierno, dando un servicio acotado de restaurant [&hellip;]<\/p>\n","protected":false},"author":3,"featured_media":95165,"comment_status":"closed","ping_status":"closed","sticky":false,"template":"","format":"standard","meta":{"footnotes":""},"categories":[3],"tags":[],"class_list":["post-95162","post","type-post","status-publish","format-standard","has-post-thumbnail","category-masnoticias"],"_links":{"self":[{"href":"https:\/\/primicias2262.com\/noticias\/wp-json\/wp\/v2\/posts\/95162","targetHints":{"allow":["GET"]}}],"collection":[{"href":"https:\/\/primicias2262.com\/noticias\/wp-json\/wp\/v2\/posts"}],"about":[{"href":"https:\/\/primicias2262.com\/noticias\/wp-json\/wp\/v2\/types\/post"}],"author":[{"embeddable":true,"href":"https:\/\/primicias2262.com\/noticias\/wp-json\/wp\/v2\/users\/3"}],"replies":[{"embeddable":true,"href":"https:\/\/primicias2262.com\/noticias\/wp-json\/wp\/v2\/comments?post=95162"}],"version-history":[{"count":0,"href":"https:\/\/primicias2262.com\/noticias\/wp-json\/wp\/v2\/posts\/95162\/revisions"}],"wp:attachment":[{"href":"https:\/\/primicias2262.com\/noticias\/wp-json\/wp\/v2\/media?parent=95162"}],"wp:term":[{"taxonomy":"category","embeddable":true,"href":"https:\/\/primicias2262.com\/noticias\/wp-json\/wp\/v2\/categories?post=95162"},{"taxonomy":"post_tag","embeddable":true,"href":"https:\/\/primicias2262.com\/noticias\/wp-json\/wp\/v2\/tags?post=95162"}],"curies":[{"name":"wp","href":"https:\/\/api.w.org\/{rel}","templated":true}]}}