{"id":95188,"date":"2022-11-13T18:59:34","date_gmt":"2022-11-13T21:59:34","guid":{"rendered":"https:\/\/primicias2262.com\/?p=95188"},"modified":"2022-11-13T18:59:34","modified_gmt":"2022-11-13T21:59:34","slug":"sequia-en-el-partido-podemos-ver-que-es-un-problema-de-magnitud-y-de-distribucion","status":"publish","type":"post","link":"https:\/\/primicias2262.com\/noticias\/sequia-en-el-partido-podemos-ver-que-es-un-problema-de-magnitud-y-de-distribucion\/","title":{"rendered":"Sequ\u00eda en el Partido: \u201cPodemos ver que es un problema de magnitud y de distribuci\u00f3n\u201d"},"content":{"rendered":"<p>As\u00ed lo asever\u00f3 Juan Erreguerena del INTA, al reconocer que la regi\u00f3n de Necochea es una de las m\u00e1s afectadas por la sequ\u00eda que ataca al pa\u00eds, con todo lo que ello trae aparejado en materia de cultivos agropecuario.<\/p>\n<p>En una nota realizada por el periodista Jorge G\u00f3mez en \u201cVoces de la Ciudad\u201d, el especialista se\u00f1al\u00f3 al principio que \u201centre la zona costera del partido de Lober\u00eda y parte del partido de Necochea, hasta m\u00e1s all\u00e1 de la zona de La Dulce, es donde m\u00e1s intensa se hado la sequ\u00eda\u2026 incluso, ha llovido m\u00e1s en la zona vinculada a Tandil que en esta regi\u00f3n\u201d.<\/p>\n<p>Por ende, \u201cestamos en un epicentro particular donde ha llovido poco y ese poco cay\u00f3 en dos o tres d\u00edas hacia fin de octubre, lo cual tiene una implicancia, ya que no llovi\u00f3 durante el periodo previo y esa sequ\u00eda afect\u00f3 mucho todo un proceso de formaci\u00f3n de rendimiento de los cultivos\u201d, aport\u00f3 Erreguerena.<\/p>\n<p>Acto seguido, se sincer\u00f3 al afirmar que \u201cno solo de magnitud sino de distribuci\u00f3n podemos ver que est\u00e1 complejo el tema, y la preocupaci\u00f3n es general, porque adem\u00e1s atr\u00e1s de la sequ\u00eda est\u00e1 la helada en octubre y noviembre. Las sequ\u00edas se caracterizan porque los eventos extremos tambi\u00e9n se dan en lo que hace a amplitud t\u00e9rmica, as\u00ed que despu\u00e9s de algunos d\u00edas de falta de viento y serena vienen heladas que en determinados momentos pueden hacer perder el 100% del cultivo\u201d.<\/p>\n<p>\u201cSi el cultivo est\u00e1 en flor tiene una sensibilidad absoluta y se hiela todo\u2026 y ahora estamos todav\u00eda hasta el 12 de noviembre en el \u00e1rea de floraci\u00f3n de los trigos, se trata de un momento cr\u00edtico\u201d, alert\u00f3.<\/p>\n<p>Si bien las condiciones del clima hacia el fin de semana venidero vendr\u00edan con rotaci\u00f3n de vientos, descenso de la temperatura y chaparrones para viernes y s\u00e1bado, Erreguerena anticip\u00f3 que \u201cestamos en una zona donde va a llover menos que en otras, va haber m\u00e1s vol\u00famenes hacia el centro de la provincia, hacia la cuenca del salado y hacia la zona del noroeste\u201d.<\/p>\n<p>Sabido es que la sequ\u00eda afect\u00f3 la cosecha fina, y tal como indic\u00f3 anteriormente en otra nota Erreguerena, de ac\u00e1 a fin de a\u00f1o se necesitan unos 160 mil\u00edmetros de lluvia. \u201cEn cuanto a la gruesa, se avanz\u00f3 en la siembra con el golpe de agua de octubre pero mucho menos que lo esperado, de hecho hace cuatro d\u00edas la mayor\u00eda de los productores par\u00f3 de sembrar hasta tener nuevamente condiciones de humedad\u201d, inform\u00f3.<\/p>\n<p>Finalmente, Erreguerena confirm\u00f3 que se cruzan datos con viejas sequ\u00edas en el pa\u00eds y lo actual no es para nada menor: \u201cLos mejores mapas que se pueden seguir son los de agua \u00fatil del suelo, que van marcando la magnitud de la sequ\u00eda, y hoy estamos cruzando mapas con lo hist\u00f3rico y est\u00e1 absolutamente todo rojo\u201d, se\u00f1al\u00f3.<\/p>\n<p>Y para concluir con un aire de optimismo dijo que \u201chay zonas incluso m\u00e1s cr\u00edticas que est\u00e1n mucho peor que nosotros, y ac\u00e1 tienen que darse condiciones de humedad, llover y recargar el perfil\u2026 el productor se juega a que se siembra y se sale adelante\u201d.<\/p>\n","protected":false},"excerpt":{"rendered":"<p>As\u00ed lo asever\u00f3 Juan Erreguerena del INTA, al reconocer que la regi\u00f3n de Necochea es una de las m\u00e1s afectadas por la sequ\u00eda que ataca al pa\u00eds, con todo lo que ello trae aparejado en materia de cultivos agropecuario. En una nota realizada por el periodista Jorge G\u00f3mez en \u201cVoces de la Ciudad\u201d, el especialista [&hellip;]<\/p>\n","protected":false},"author":3,"featured_media":93706,"comment_status":"closed","ping_status":"closed","sticky":false,"template":"","format":"standard","meta":{"footnotes":""},"categories":[3],"tags":[],"class_list":["post-95188","post","type-post","status-publish","format-standard","has-post-thumbnail","category-masnoticias"],"_links":{"self":[{"href":"https:\/\/primicias2262.com\/noticias\/wp-json\/wp\/v2\/posts\/95188","targetHints":{"allow":["GET"]}}],"collection":[{"href":"https:\/\/primicias2262.com\/noticias\/wp-json\/wp\/v2\/posts"}],"about":[{"href":"https:\/\/primicias2262.com\/noticias\/wp-json\/wp\/v2\/types\/post"}],"author":[{"embeddable":true,"href":"https:\/\/primicias2262.com\/noticias\/wp-json\/wp\/v2\/users\/3"}],"replies":[{"embeddable":true,"href":"https:\/\/primicias2262.com\/noticias\/wp-json\/wp\/v2\/comments?post=95188"}],"version-history":[{"count":0,"href":"https:\/\/primicias2262.com\/noticias\/wp-json\/wp\/v2\/posts\/95188\/revisions"}],"wp:attachment":[{"href":"https:\/\/primicias2262.com\/noticias\/wp-json\/wp\/v2\/media?parent=95188"}],"wp:term":[{"taxonomy":"category","embeddable":true,"href":"https:\/\/primicias2262.com\/noticias\/wp-json\/wp\/v2\/categories?post=95188"},{"taxonomy":"post_tag","embeddable":true,"href":"https:\/\/primicias2262.com\/noticias\/wp-json\/wp\/v2\/tags?post=95188"}],"curies":[{"name":"wp","href":"https:\/\/api.w.org\/{rel}","templated":true}]}}