{"id":95190,"date":"2022-11-13T19:03:44","date_gmt":"2022-11-13T22:03:44","guid":{"rendered":"https:\/\/primicias2262.com\/?p=95190"},"modified":"2022-11-13T19:03:44","modified_gmt":"2022-11-13T22:03:44","slug":"entegraron-equipamiento-a-la-escuela-n-48-para-un-proyecto-de-radio","status":"publish","type":"post","link":"https:\/\/primicias2262.com\/noticias\/entegraron-equipamiento-a-la-escuela-n-48-para-un-proyecto-de-radio\/","title":{"rendered":"Entegraron equipamiento a la Escuela N\u00b0 48 para un proyecto de radio"},"content":{"rendered":"<div class=\"xdj266r x11i5rnm xat24cr x1mh8g0r x1vvkbs x126k92a\">\n<p dir=\"auto\">La Jefatura de Regi\u00f3n 20 hizo entrega en la Escuela Primaria Nro 48 de equipamiento adquirido para la puesta en marcha de un Proyecto de Radio Escolar.<\/p>\n<\/div>\n<div dir=\"auto\">Este proyecto contar\u00e1 con el acompa\u00f1amiento de Lorena Cepeda, Referente Regional de Medios Escolares y ser\u00e1 articulado con la sede de Patios Abiertos y otras instituciones educativas.<\/div>\n<div dir=\"auto\">La iniciativa fue acordada con la Jefatura Distrital de Necochea, la supervisora de Educaci\u00f3n Primaria Nancy Almassio, la profesora Milena Gonzalez coordinadora del Patio Abierto que funciona los s\u00e1bados en la ma\u00f1ana compartiendo edificio y el director de la Escuela N\u00b0 48, Facundo Acevedo.<\/div>\n<div class=\"x11i5rnm xat24cr x1mh8g0r x1vvkbs xtlvy1s x126k92a\">\n<p dir=\"auto\">Cabe destacar que la mencionada Escuela de Nivel Primario ha dado comienzo a la Jornada Completa a partir del pasado 17 de octubre, hecho que posibilita el desarrollo de potentes proyectos pedag\u00f3gicos como el que dar\u00e1 inicio en esta etapa.<\/p>\n<\/div>\n","protected":false},"excerpt":{"rendered":"<p>La Jefatura de Regi\u00f3n 20 hizo entrega en la Escuela Primaria Nro 48 de equipamiento adquirido para la puesta en marcha de un Proyecto de Radio Escolar. Este proyecto contar\u00e1 con el acompa\u00f1amiento de Lorena Cepeda, Referente Regional de Medios Escolares y ser\u00e1 articulado con la sede de Patios Abiertos y otras instituciones educativas. La [&hellip;]<\/p>\n","protected":false},"author":3,"featured_media":95191,"comment_status":"closed","ping_status":"closed","sticky":false,"template":"","format":"standard","meta":{"footnotes":""},"categories":[3],"tags":[],"class_list":["post-95190","post","type-post","status-publish","format-standard","has-post-thumbnail","category-masnoticias"],"_links":{"self":[{"href":"https:\/\/primicias2262.com\/noticias\/wp-json\/wp\/v2\/posts\/95190","targetHints":{"allow":["GET"]}}],"collection":[{"href":"https:\/\/primicias2262.com\/noticias\/wp-json\/wp\/v2\/posts"}],"about":[{"href":"https:\/\/primicias2262.com\/noticias\/wp-json\/wp\/v2\/types\/post"}],"author":[{"embeddable":true,"href":"https:\/\/primicias2262.com\/noticias\/wp-json\/wp\/v2\/users\/3"}],"replies":[{"embeddable":true,"href":"https:\/\/primicias2262.com\/noticias\/wp-json\/wp\/v2\/comments?post=95190"}],"version-history":[{"count":0,"href":"https:\/\/primicias2262.com\/noticias\/wp-json\/wp\/v2\/posts\/95190\/revisions"}],"wp:attachment":[{"href":"https:\/\/primicias2262.com\/noticias\/wp-json\/wp\/v2\/media?parent=95190"}],"wp:term":[{"taxonomy":"category","embeddable":true,"href":"https:\/\/primicias2262.com\/noticias\/wp-json\/wp\/v2\/categories?post=95190"},{"taxonomy":"post_tag","embeddable":true,"href":"https:\/\/primicias2262.com\/noticias\/wp-json\/wp\/v2\/tags?post=95190"}],"curies":[{"name":"wp","href":"https:\/\/api.w.org\/{rel}","templated":true}]}}