{"id":95193,"date":"2022-11-13T19:08:52","date_gmt":"2022-11-13T22:08:52","guid":{"rendered":"https:\/\/primicias2262.com\/?p=95193"},"modified":"2022-11-13T19:08:52","modified_gmt":"2022-11-13T22:08:52","slug":"realizan-trabajos-de-senalizacion-y-mantenimiento-en-juan-n-fernandez","status":"publish","type":"post","link":"https:\/\/primicias2262.com\/noticias\/realizan-trabajos-de-senalizacion-y-mantenimiento-en-juan-n-fernandez\/","title":{"rendered":"Realizan trabajos de se\u00f1alizaci\u00f3n y mantenimiento en Juan N. Fern\u00e1ndez"},"content":{"rendered":"<p>Diversas tareas de mantenimiento y se\u00f1alizaci\u00f3n se vienen desarrollando en Juan N. Fern\u00e1ndez, cuya log\u00edstica est\u00e1 a cargo de la Delegaci\u00f3n que encabeza Guillermo Schuenemann, y atento a una demanda existente por parte de los vecinos de la localidad.<\/p>\n<p>En este marco, se acondicionaron las lomas de burro en el ingreso por Ruta 80, con pintura vial amarilla de alta durabilidad, dado que ya se encontraban poco visibles para aquellos que acceden a diario al pueblo en sus veh\u00edculos. Luego, el objetivo es colocar carteler\u00eda, no solo en el acceso a la localidad sino tambi\u00e9n al hospital, establecimientos educativos, cuartel de Bomberos y destacamento policial.<\/p>\n<p>Asimismo, y m\u00e1s all\u00e1 de esos trabajos de se\u00f1alizaci\u00f3n, se est\u00e1n ejecutando mejoras en los espacios p\u00fablicos como lo que es la entrada al cementerio, por ejemplo, donde tambi\u00e9n se van a colocar en breve los nichos que ya se compraron con fondos de la propia Delegaci\u00f3n.<\/p>\n<p>Por \u00faltimo, resaltan en la localidad algunos trabajos de pintura en algunos monumentos caracter\u00edsticos, como el de la Virgen.<\/p>\n","protected":false},"excerpt":{"rendered":"<p>Diversas tareas de mantenimiento y se\u00f1alizaci\u00f3n se vienen desarrollando en Juan N. Fern\u00e1ndez, cuya log\u00edstica est\u00e1 a cargo de la Delegaci\u00f3n que encabeza Guillermo Schuenemann, y atento a una demanda existente por parte de los vecinos de la localidad. En este marco, se acondicionaron las lomas de burro en el ingreso por Ruta 80, con [&hellip;]<\/p>\n","protected":false},"author":3,"featured_media":95194,"comment_status":"closed","ping_status":"closed","sticky":false,"template":"","format":"standard","meta":{"footnotes":""},"categories":[3],"tags":[],"class_list":["post-95193","post","type-post","status-publish","format-standard","has-post-thumbnail","category-masnoticias"],"_links":{"self":[{"href":"https:\/\/primicias2262.com\/noticias\/wp-json\/wp\/v2\/posts\/95193","targetHints":{"allow":["GET"]}}],"collection":[{"href":"https:\/\/primicias2262.com\/noticias\/wp-json\/wp\/v2\/posts"}],"about":[{"href":"https:\/\/primicias2262.com\/noticias\/wp-json\/wp\/v2\/types\/post"}],"author":[{"embeddable":true,"href":"https:\/\/primicias2262.com\/noticias\/wp-json\/wp\/v2\/users\/3"}],"replies":[{"embeddable":true,"href":"https:\/\/primicias2262.com\/noticias\/wp-json\/wp\/v2\/comments?post=95193"}],"version-history":[{"count":0,"href":"https:\/\/primicias2262.com\/noticias\/wp-json\/wp\/v2\/posts\/95193\/revisions"}],"wp:attachment":[{"href":"https:\/\/primicias2262.com\/noticias\/wp-json\/wp\/v2\/media?parent=95193"}],"wp:term":[{"taxonomy":"category","embeddable":true,"href":"https:\/\/primicias2262.com\/noticias\/wp-json\/wp\/v2\/categories?post=95193"},{"taxonomy":"post_tag","embeddable":true,"href":"https:\/\/primicias2262.com\/noticias\/wp-json\/wp\/v2\/tags?post=95193"}],"curies":[{"name":"wp","href":"https:\/\/api.w.org\/{rel}","templated":true}]}}