{"id":95214,"date":"2022-11-14T17:36:26","date_gmt":"2022-11-14T20:36:26","guid":{"rendered":"https:\/\/primicias2262.com\/?p=95214"},"modified":"2022-11-14T17:36:26","modified_gmt":"2022-11-14T20:36:26","slug":"bertoldi-necesitamos-de-mucho-dialogo-y-por-ahi-empezaremos","status":"publish","type":"post","link":"https:\/\/primicias2262.com\/noticias\/bertoldi-necesitamos-de-mucho-dialogo-y-por-ahi-empezaremos\/","title":{"rendered":"Bertoldi: \u201cNecesitamos de mucho di\u00e1logo y por ah\u00ed empezaremos\u201d"},"content":{"rendered":"<p>As\u00ed lo reflej\u00f3 la flamante presidenta del Comit\u00e9 radical de Necochea \u201cEmiliano Ab\u00e1solo\u201d, Carola Bertoldi, quien se impuso por 82 votos de diferencia con su Lista 123 y adelant\u00f3 que no solo ser\u00e1 importante el di\u00e1logo interno en la UCR, sino con todos los partidos que componen Juntos de cara a las elecciones de 2023.<\/p>\n<p>En el aire de \u201cVoces de la Ciudad\u201d, quien fuera electa el \u00faltimo domingo por un total de 426 votos contra 344 de la Lista 133 encabezada por Graciana Maizzani, dialog\u00f3 con el periodista Jorge G\u00f3mez y valor\u00f3 que \u201ctuvimos una jornada muy democr\u00e1tica y linda, agradecemos a todos los afiliados que se acercaron a votar (770 en total) porque la intenci\u00f3n de las dos listas era esa, generar un movimiento y que los afiliados se acercaran, as\u00ed que muy contentos porque super\u00f3 las expectativas\u201d.<\/p>\n<p>De ac\u00e1 en m\u00e1s, la Dra. Bertoldi asegur\u00f3 que \u201cdialogando podemos llegar a buenos fines y ahora empezaremos a reunirnos para ver la asunci\u00f3n\u201d.<\/p>\n<p>En cuanto a Juntos como opci\u00f3n electoral en 2023, se\u00f1al\u00f3 que \u201csi bien son decisiones que toman las convenciones nacional y provincial, nosotros estamos trabajando en conjunto y vamos a dialogar con todos los partidos que componen Juntos\u2026 entendemos que necesitamos de mucho di\u00e1logo y por ah\u00ed empezaremos, a dialogar con los distintos partidos y actores, nuestra agenda empezar\u00e1 por ah\u00ed\u201d.<\/p>\n<p>Acto seguido asegur\u00f3 que \u201cestamos pensando en una agenda que trabaje todos los temas locales para presentar proyectos concretos. Tenemos un mont\u00f3n de ideas sobre la gesti\u00f3n local y recursos humanos para trabajar sobre eso, pero tambi\u00e9n abrimos a otros actores que les interesa la pol\u00edtica y que quieran incorporarse a trabajar en conjunto, porque necesitamos propuestas con ideas plurales y la mirada de diferentes sectores\u201d.<\/p>\n<p>Finalmente, quien tiene como vicepresidente a Mateo Ruppel manifest\u00f3 que \u201cparte del trabajo tambi\u00e9n es articular con el Concejo Deliberante, el bloque de cuatro concejales de la Uni\u00f3n C\u00edvica Radical, la consejera escolar y todos los actores radicales para armar un calendario de trabajo\u201d.<\/p>\n","protected":false},"excerpt":{"rendered":"<p>As\u00ed lo reflej\u00f3 la flamante presidenta del Comit\u00e9 radical de Necochea \u201cEmiliano Ab\u00e1solo\u201d, Carola Bertoldi, quien se impuso por 82 votos de diferencia con su Lista 123 y adelant\u00f3 que no solo ser\u00e1 importante el di\u00e1logo interno en la UCR, sino con todos los partidos que componen Juntos de cara a las elecciones de 2023. [&hellip;]<\/p>\n","protected":false},"author":3,"featured_media":95215,"comment_status":"closed","ping_status":"closed","sticky":false,"template":"","format":"standard","meta":{"footnotes":""},"categories":[3],"tags":[],"class_list":["post-95214","post","type-post","status-publish","format-standard","has-post-thumbnail","category-masnoticias"],"_links":{"self":[{"href":"https:\/\/primicias2262.com\/noticias\/wp-json\/wp\/v2\/posts\/95214","targetHints":{"allow":["GET"]}}],"collection":[{"href":"https:\/\/primicias2262.com\/noticias\/wp-json\/wp\/v2\/posts"}],"about":[{"href":"https:\/\/primicias2262.com\/noticias\/wp-json\/wp\/v2\/types\/post"}],"author":[{"embeddable":true,"href":"https:\/\/primicias2262.com\/noticias\/wp-json\/wp\/v2\/users\/3"}],"replies":[{"embeddable":true,"href":"https:\/\/primicias2262.com\/noticias\/wp-json\/wp\/v2\/comments?post=95214"}],"version-history":[{"count":0,"href":"https:\/\/primicias2262.com\/noticias\/wp-json\/wp\/v2\/posts\/95214\/revisions"}],"wp:attachment":[{"href":"https:\/\/primicias2262.com\/noticias\/wp-json\/wp\/v2\/media?parent=95214"}],"wp:term":[{"taxonomy":"category","embeddable":true,"href":"https:\/\/primicias2262.com\/noticias\/wp-json\/wp\/v2\/categories?post=95214"},{"taxonomy":"post_tag","embeddable":true,"href":"https:\/\/primicias2262.com\/noticias\/wp-json\/wp\/v2\/tags?post=95214"}],"curies":[{"name":"wp","href":"https:\/\/api.w.org\/{rel}","templated":true}]}}