{"id":95223,"date":"2022-11-14T17:51:51","date_gmt":"2022-11-14T20:51:51","guid":{"rendered":"https:\/\/primicias2262.com\/?p=95223"},"modified":"2022-11-14T17:51:51","modified_gmt":"2022-11-14T20:51:51","slug":"este-martes-habra-un-acto-a-5-anos-del-hundimiento-del-ara-san-juan","status":"publish","type":"post","link":"https:\/\/primicias2262.com\/noticias\/este-martes-habra-un-acto-a-5-anos-del-hundimiento-del-ara-san-juan\/","title":{"rendered":"Este martes habr\u00e1 un acto a 5 a\u00f1os del hundimiento del ARA San Juan"},"content":{"rendered":"<p><strong>El homenaje a los 44 ca\u00eddos se desarrollar\u00e1 en el Monumento ARA San Juan situado en Quequ\u00e9n, m\u00e1s precisamente en el bulevar de Av. Almirante Brown y 513.<\/strong><\/p>\n<p>Este martes 15 de noviembre se cumplir\u00e1 el 5to Aniversario de la tr\u00e1gica desaparici\u00f3n del Submarino ARA San Juan y por tal motivo, desde la Municipalidad de Necochea se invita a toda la comunidad a ser parte del acto en homenaje a los 44 h\u00e9roes, el cual se desarrollar\u00e1 en el Monumento ubicado en Av. Almirante Brown y calle 513, a partir de las 9 de la ma\u00f1ana.<\/p>\n<p>En la ceremonia, el intendente Arturo Rojas, fuerzas vivas de la ciudad y vecinos acompa\u00f1ar\u00e1n a la necochense Jesica Gopar, esposa de Fernando Gabriel Santilli, uno de los 44 tripulantes del submarino que sufri\u00f3 el naufragio a la altura del Golfo San Jorge, aquel 15 de noviembre de 2017.<\/p>\n<p>Vale recordar que, gracias al apoyo de la actual gesti\u00f3n municipal y el Instituto Browniano, en diciembre del a\u00f1o anterior qued\u00f3 inaugurado el monumento a los ca\u00eddos en el ARA San Juan, el cual est\u00e1 ubicado en la Av. Almirante Brown, a pocos metros del Monumento a los Ca\u00eddos en Malvinas.<\/p>\n","protected":false},"excerpt":{"rendered":"<p>El homenaje a los 44 ca\u00eddos se desarrollar\u00e1 en el Monumento ARA San Juan situado en Quequ\u00e9n, m\u00e1s precisamente en el bulevar de Av. Almirante Brown y 513. Este martes 15 de noviembre se cumplir\u00e1 el 5to Aniversario de la tr\u00e1gica desaparici\u00f3n del Submarino ARA San Juan y por tal motivo, desde la Municipalidad de [&hellip;]<\/p>\n","protected":false},"author":3,"featured_media":95224,"comment_status":"closed","ping_status":"closed","sticky":false,"template":"","format":"standard","meta":{"footnotes":""},"categories":[3],"tags":[],"class_list":["post-95223","post","type-post","status-publish","format-standard","has-post-thumbnail","category-masnoticias"],"_links":{"self":[{"href":"https:\/\/primicias2262.com\/noticias\/wp-json\/wp\/v2\/posts\/95223","targetHints":{"allow":["GET"]}}],"collection":[{"href":"https:\/\/primicias2262.com\/noticias\/wp-json\/wp\/v2\/posts"}],"about":[{"href":"https:\/\/primicias2262.com\/noticias\/wp-json\/wp\/v2\/types\/post"}],"author":[{"embeddable":true,"href":"https:\/\/primicias2262.com\/noticias\/wp-json\/wp\/v2\/users\/3"}],"replies":[{"embeddable":true,"href":"https:\/\/primicias2262.com\/noticias\/wp-json\/wp\/v2\/comments?post=95223"}],"version-history":[{"count":0,"href":"https:\/\/primicias2262.com\/noticias\/wp-json\/wp\/v2\/posts\/95223\/revisions"}],"wp:attachment":[{"href":"https:\/\/primicias2262.com\/noticias\/wp-json\/wp\/v2\/media?parent=95223"}],"wp:term":[{"taxonomy":"category","embeddable":true,"href":"https:\/\/primicias2262.com\/noticias\/wp-json\/wp\/v2\/categories?post=95223"},{"taxonomy":"post_tag","embeddable":true,"href":"https:\/\/primicias2262.com\/noticias\/wp-json\/wp\/v2\/tags?post=95223"}],"curies":[{"name":"wp","href":"https:\/\/api.w.org\/{rel}","templated":true}]}}