{"id":95226,"date":"2022-11-14T18:22:51","date_gmt":"2022-11-14T21:22:51","guid":{"rendered":"https:\/\/primicias2262.com\/?p=95226"},"modified":"2022-11-14T18:22:51","modified_gmt":"2022-11-14T21:22:51","slug":"valiosa-participacion-de-alumnas-de-hemoterapia-en-la-colecta-de-sangre-y-registro-en-medula-osea","status":"publish","type":"post","link":"https:\/\/primicias2262.com\/noticias\/valiosa-participacion-de-alumnas-de-hemoterapia-en-la-colecta-de-sangre-y-registro-en-medula-osea\/","title":{"rendered":"Valiosa participaci\u00f3n de alumnas de Hemoterapia en la Colecta de Sangre y Registro en M\u00e9dula Osea"},"content":{"rendered":"<p>Alumnas que cursan el 2\u00b0 a\u00f1o de la Tecnicatura Superior de Hemoterapia en el Instituto de Estudios Superiores R\u00edo Quequ\u00e9n tuvieron una activa participaci\u00f3n en la Colecta de Sangre y Registro en M\u00e9dula Osea, que se realiz\u00f3 este \u00faltimo domingo.<\/p>\n<p>Se trata de Guadalupe Dahul, Martina Romero y Anabel Dubier, quienes participaron de la colecta junto a sus profesores Claudio Rolandi y el Dr. Gustavo Far\u00eda, quienes se desempe\u00f1an como T\u00e9cnico y jefe, respectivamente, en el Servicio de Hemoterapia.<\/p>\n<p>En el a\u00f1o 2004 fue promulgada La Ley Nacional 25.936, que establece el 9 de noviembre como el\u00a0D\u00eda Nacional del Donante Voluntario y Habitual de Sangre.<\/p>\n<p>En ese sentido, el mi\u00e9rcoles pasado en la sede del Instiuto Rio Quequ\u00e9n se brind\u00f3 una charla sobre el tema, a cargo de miembros del INCUCAI.<\/p>\n<p>Con respecto a la colecta, Rolandi se\u00f1al\u00f3 que \u00abconcurrieron 40 donantes, de los cuales se hicieron efectivos 39 ya que uno fue rechazado por cuestiones m\u00e9dicas\u00bb y agreg\u00f3 que \u00abue una gran jornada y todos se fueron muy contentos de haber podido donar y colaborar con la comunidad\u00bb.<\/p>\n<p>Ampli\u00f3 diciendo que \u00abmas all\u00e1 del Registro en M\u00e9dula, todos donaron sangre y de esas unidades se va a extraer por un lado los gl\u00f3bulos rojos, el plasma y las plaquetas, que habitualmente no se extraen porque tienen una vida muy corta\u00bb.<\/p>\n<p>&nbsp;<\/p>\n<p>&nbsp;<\/p>\n","protected":false},"excerpt":{"rendered":"<p>Alumnas que cursan el 2\u00b0 a\u00f1o de la Tecnicatura Superior de Hemoterapia en el Instituto de Estudios Superiores R\u00edo Quequ\u00e9n tuvieron una activa participaci\u00f3n en la Colecta de Sangre y Registro en M\u00e9dula Osea, que se realiz\u00f3 este \u00faltimo domingo. Se trata de Guadalupe Dahul, Martina Romero y Anabel Dubier, quienes participaron de la colecta [&hellip;]<\/p>\n","protected":false},"author":3,"featured_media":95229,"comment_status":"closed","ping_status":"closed","sticky":false,"template":"","format":"standard","meta":{"footnotes":""},"categories":[3],"tags":[],"class_list":["post-95226","post","type-post","status-publish","format-standard","has-post-thumbnail","category-masnoticias"],"_links":{"self":[{"href":"https:\/\/primicias2262.com\/noticias\/wp-json\/wp\/v2\/posts\/95226","targetHints":{"allow":["GET"]}}],"collection":[{"href":"https:\/\/primicias2262.com\/noticias\/wp-json\/wp\/v2\/posts"}],"about":[{"href":"https:\/\/primicias2262.com\/noticias\/wp-json\/wp\/v2\/types\/post"}],"author":[{"embeddable":true,"href":"https:\/\/primicias2262.com\/noticias\/wp-json\/wp\/v2\/users\/3"}],"replies":[{"embeddable":true,"href":"https:\/\/primicias2262.com\/noticias\/wp-json\/wp\/v2\/comments?post=95226"}],"version-history":[{"count":0,"href":"https:\/\/primicias2262.com\/noticias\/wp-json\/wp\/v2\/posts\/95226\/revisions"}],"wp:attachment":[{"href":"https:\/\/primicias2262.com\/noticias\/wp-json\/wp\/v2\/media?parent=95226"}],"wp:term":[{"taxonomy":"category","embeddable":true,"href":"https:\/\/primicias2262.com\/noticias\/wp-json\/wp\/v2\/categories?post=95226"},{"taxonomy":"post_tag","embeddable":true,"href":"https:\/\/primicias2262.com\/noticias\/wp-json\/wp\/v2\/tags?post=95226"}],"curies":[{"name":"wp","href":"https:\/\/api.w.org\/{rel}","templated":true}]}}