{"id":95244,"date":"2022-11-15T14:02:48","date_gmt":"2022-11-15T17:02:48","guid":{"rendered":"https:\/\/primicias2262.com\/?p=95244"},"modified":"2022-11-15T14:02:48","modified_gmt":"2022-11-15T17:02:48","slug":"mas-de-450-vehiculos-participaron-en-la-travesia-solidaria-al-medano-blanco","status":"publish","type":"post","link":"https:\/\/primicias2262.com\/noticias\/mas-de-450-vehiculos-participaron-en-la-travesia-solidaria-al-medano-blanco\/","title":{"rendered":"M\u00e1s de 450 veh\u00edculos participaron en la traves\u00eda solidaria al M\u00e9dano Blanco"},"content":{"rendered":"<p>Carlos \u00c1lvarez, de la Asociaci\u00f3n Civil Cardinal Sur de Necochea que gui\u00f3 la jornada, asegur\u00f3 con alegr\u00eda que \u201cfue un d\u00eda espectacular\u201d por la masiva participaci\u00f3n y las donaciones logradas para tres instituciones comunitarias de la ciudad.<\/p>\n<p>En di\u00e1logo telef\u00f3nico con el periodista Jorge G\u00f3mez para el programa \u201cVoces de la Ciudad\u201d, \u00c1lvarez expres\u00f3 que \u201cestamos m\u00e1s que felices porque se cumplieron las metas a pesar de los pron\u00f3sticos y el d\u00eda acompa\u00f1\u00f3, fueron m\u00e1s de 450 veh\u00edculos, mucha cantidad de gente y se pas\u00f3 un d\u00eda espectacular, fue el clima perfecto\u201d.<\/p>\n<p>Incluso puntualiz\u00f3 que \u201cvino gente de Mendoza, Buenos Aires, Mar del Plata, Miramar y la zona. Lo pasaron muy bien, expresaron su agradecimiento y nos preguntaban cu\u00e1ndo ser\u00eda la pr\u00f3xima fecha\u201d.<\/p>\n<p>En cuanto al costado solidario, \u00c1lvarez asegur\u00f3 que \u201cse cumpli\u00f3 con la meta que era llenar un carro de doble eje con alimentos (equivalente a tres cajas de camionetas) y se don\u00f3 una a cada instituci\u00f3n: al comedor \u201cMateo\u201d, al Merendero \u201cDoscientas Sonrisas\u201d y al Hogar \u201cPreciosa Semilla.<\/p>\n<p>Adem\u00e1s, entre los alimentos no perecederos la gente tambi\u00e9n llev\u00f3 juegos did\u00e1cticos y algo de ropa. Calculamos que superamos los dos mil kilos de alimentos y terminamos de repartir todo en la tarde del lunes a cada lugar\u201d.<\/p>\n<p>Respecto a la traves\u00eda y la visita en uno de los paisajes m\u00e1s imponentes de la costa necochense, cont\u00f3 finalmente que \u201cmientras est\u00e1bamos en el lugar charl\u00e1bamos con gente que no conoc\u00eda el M\u00e9dano Blanco y estaba sorprendida. Antes de salir tambi\u00e9n tuvimos una charla con todos para prevenir accidentes y que todo lo que llevaran lo trajeran de vuelta para que quede limpio\u201d.<\/p>\n","protected":false},"excerpt":{"rendered":"<p>Carlos \u00c1lvarez, de la Asociaci\u00f3n Civil Cardinal Sur de Necochea que gui\u00f3 la jornada, asegur\u00f3 con alegr\u00eda que \u201cfue un d\u00eda espectacular\u201d por la masiva participaci\u00f3n y las donaciones logradas para tres instituciones comunitarias de la ciudad. En di\u00e1logo telef\u00f3nico con el periodista Jorge G\u00f3mez para el programa \u201cVoces de la Ciudad\u201d, \u00c1lvarez expres\u00f3 que [&hellip;]<\/p>\n","protected":false},"author":3,"featured_media":95245,"comment_status":"closed","ping_status":"closed","sticky":false,"template":"","format":"standard","meta":{"footnotes":""},"categories":[3],"tags":[],"class_list":["post-95244","post","type-post","status-publish","format-standard","has-post-thumbnail","category-masnoticias"],"_links":{"self":[{"href":"https:\/\/primicias2262.com\/noticias\/wp-json\/wp\/v2\/posts\/95244","targetHints":{"allow":["GET"]}}],"collection":[{"href":"https:\/\/primicias2262.com\/noticias\/wp-json\/wp\/v2\/posts"}],"about":[{"href":"https:\/\/primicias2262.com\/noticias\/wp-json\/wp\/v2\/types\/post"}],"author":[{"embeddable":true,"href":"https:\/\/primicias2262.com\/noticias\/wp-json\/wp\/v2\/users\/3"}],"replies":[{"embeddable":true,"href":"https:\/\/primicias2262.com\/noticias\/wp-json\/wp\/v2\/comments?post=95244"}],"version-history":[{"count":0,"href":"https:\/\/primicias2262.com\/noticias\/wp-json\/wp\/v2\/posts\/95244\/revisions"}],"wp:attachment":[{"href":"https:\/\/primicias2262.com\/noticias\/wp-json\/wp\/v2\/media?parent=95244"}],"wp:term":[{"taxonomy":"category","embeddable":true,"href":"https:\/\/primicias2262.com\/noticias\/wp-json\/wp\/v2\/categories?post=95244"},{"taxonomy":"post_tag","embeddable":true,"href":"https:\/\/primicias2262.com\/noticias\/wp-json\/wp\/v2\/tags?post=95244"}],"curies":[{"name":"wp","href":"https:\/\/api.w.org\/{rel}","templated":true}]}}