{"id":95250,"date":"2022-11-15T14:49:07","date_gmt":"2022-11-15T17:49:07","guid":{"rendered":"https:\/\/primicias2262.com\/?p=95250"},"modified":"2022-11-15T14:49:07","modified_gmt":"2022-11-15T17:49:07","slug":"emotivo-acto-a-la-memoria-de-fernando-gabriel-santilli-y-los-heroes-del-ara-san-juan","status":"publish","type":"post","link":"https:\/\/primicias2262.com\/noticias\/emotivo-acto-a-la-memoria-de-fernando-gabriel-santilli-y-los-heroes-del-ara-san-juan\/","title":{"rendered":"Emotivo acto a la memoria de Fernando Gabriel Santilli y los h\u00e9roes del ARA San Juan"},"content":{"rendered":"<p><strong>\u201cEl mejor homenaje es mantener viva la memoria y pedir justicia para los 44 h\u00e9roes\u201d, expres\u00f3 el intendente Arturo Rojas en el Monumento ARA San Juan de Quequ\u00e9n, donde acompa\u00f1\u00f3 a la viuda de Santilli, Jesica Gopar y su familia, en el cumplimiento del 5to Aniversario del hundimiento del submarino en la Patagonia argentina.<\/strong><\/p>\n<p>Este martes 15 de noviembre se cumplen 5 a\u00f1os de la tragedia del Submarino ARA San Juan, que naufrag\u00f3 a la altura del Golfo San Jorge con 44 tripulantes a bordo, entre ellos Fernando Gabriel Santilli, esposo de la necochense Jesica Gopar. Por tal motivo, se realiz\u00f3 una emotiva ceremonia en el Monumento ARA San Juan de Quequ\u00e9n, con la presencia del intendente Arturo Rojas y la familia de Santilli.<\/p>\n<p>Al pie de la estructura apostada en el bulevar de Av. Almirante Brown y 513, Rojas y Gopar estuvieron acompa\u00f1ados por familiares, autoridades del Honorable Concejo Deliberante, Consejo Escolar, funcionarios del Departamento Ejecutivo e instituciones intermedias, al tiempo que las banderas de ceremonia fueron portadas por Prefectura Naval Argentina con asiento en Puerto Quequ\u00e9n y alumnos del nivel inicial y primario del Colegio Nuestra Se\u00f1ora del Rosario, entre ellos St\u00e9fano, hijo de Fernando y Jesica.<\/p>\n<p><a href=\"https:\/\/primicias2262.com\/wp-content\/uploads\/2022\/11\/FOTO-Homenaje-ARA-San-Juan.jpeg\"><img loading=\"lazy\" decoding=\"async\" class=\"aligncenter size-large wp-image-95262\" src=\"https:\/\/primicias2262.com\/wp-content\/uploads\/2022\/11\/FOTO-Homenaje-ARA-San-Juan-1024x682.jpeg\" alt=\"\" width=\"696\" height=\"464\" \/><\/a><\/p>\n<p>El acto comenz\u00f3 con el Himno Nacional Argentino y luego se hizo un minuto de silencio a la memoria de los 44 ca\u00eddos, mientras que luego se coloc\u00f3 la ofrenda floral por parte de Jesica Gopar y el Intendente, quienes a su vez se dirigieron a los presentes con palabras alusivas, siendo en primer t\u00e9rmino la esposa de Santilli quien defini\u00f3 a estos cinco a\u00f1os como \u201cun proceso muy largo en el que a\u00fan no se sabe qu\u00e9 sucedi\u00f3, a\u00fan no hay justicia, en el que todav\u00eda no puedo explicarle a mi hijo que tiene 6 a\u00f1os qu\u00e9 pas\u00f3 con pap\u00e1 y sus 43 compa\u00f1eros\u201d.<\/p>\n<p>Pero m\u00e1s all\u00e1 de eso, agradeci\u00f3 el acompa\u00f1amiento de quienes est\u00e1n \u201cdesde una palabra de aliento o un saludo en la calle\u201d, y acto seguido manifest\u00f3: \u201cGracias se\u00f1or Intendente por permitir que cada 15 de noviembre podamos recordar a Fernando\u2026 para quienes no tenemos una tumba y no pudimos despedirnos ni hacer un velorio, esto significa mucho. El d\u00eda de ma\u00f1ana \u00e9l (por su hijo St\u00e9fano) comprender\u00e1 que tiene un lugar para sentarse y conversar con su pap\u00e1\u2026 para nosotros este es nuestro lugar de encuentro\u201d.<\/p>\n<p>A su turno, Arturo Rojas expres\u00f3 que \u201cesto ha sido una tragedia para todo el pueblo argentino, recuerdo cuando all\u00e1 por el d\u00eda 15 de noviembre (de 2017) se comenz\u00f3 con la b\u00fasqueda de todo un pueblo moviliz\u00e1ndose, se mezclaban las sensaciones de la esperanza de poder encontrarlo, incluso con la ayuda de diferentes pa\u00edses, con la angustia y el dolor a medida que pasaban los d\u00edas, hasta que reci\u00e9n un a\u00f1o despu\u00e9s se pudo encontrar, pero como dec\u00eda Jesica, no sabemos al d\u00eda de hoy cu\u00e1les fueron las causas\u201d.<\/p>\n<p><a href=\"https:\/\/primicias2262.com\/wp-content\/uploads\/2022\/11\/FOTO-Rojas-Monumento-ARA2.jpeg\"><img loading=\"lazy\" decoding=\"async\" class=\"aligncenter size-large wp-image-95263\" src=\"https:\/\/primicias2262.com\/wp-content\/uploads\/2022\/11\/FOTO-Rojas-Monumento-ARA2-1024x682.jpeg\" alt=\"\" width=\"696\" height=\"464\" \/><\/a><\/p>\n","protected":false},"excerpt":{"rendered":"<p>\u201cEl mejor homenaje es mantener viva la memoria y pedir justicia para los 44 h\u00e9roes\u201d, expres\u00f3 el intendente Arturo Rojas en el Monumento ARA San Juan de Quequ\u00e9n, donde acompa\u00f1\u00f3 a la viuda de Santilli, Jesica Gopar y su familia, en el cumplimiento del 5to Aniversario del hundimiento del submarino en la Patagonia argentina. Este [&hellip;]<\/p>\n","protected":false},"author":3,"featured_media":95251,"comment_status":"closed","ping_status":"closed","sticky":false,"template":"","format":"standard","meta":{"footnotes":""},"categories":[3],"tags":[],"class_list":["post-95250","post","type-post","status-publish","format-standard","has-post-thumbnail","category-masnoticias"],"_links":{"self":[{"href":"https:\/\/primicias2262.com\/noticias\/wp-json\/wp\/v2\/posts\/95250","targetHints":{"allow":["GET"]}}],"collection":[{"href":"https:\/\/primicias2262.com\/noticias\/wp-json\/wp\/v2\/posts"}],"about":[{"href":"https:\/\/primicias2262.com\/noticias\/wp-json\/wp\/v2\/types\/post"}],"author":[{"embeddable":true,"href":"https:\/\/primicias2262.com\/noticias\/wp-json\/wp\/v2\/users\/3"}],"replies":[{"embeddable":true,"href":"https:\/\/primicias2262.com\/noticias\/wp-json\/wp\/v2\/comments?post=95250"}],"version-history":[{"count":0,"href":"https:\/\/primicias2262.com\/noticias\/wp-json\/wp\/v2\/posts\/95250\/revisions"}],"wp:attachment":[{"href":"https:\/\/primicias2262.com\/noticias\/wp-json\/wp\/v2\/media?parent=95250"}],"wp:term":[{"taxonomy":"category","embeddable":true,"href":"https:\/\/primicias2262.com\/noticias\/wp-json\/wp\/v2\/categories?post=95250"},{"taxonomy":"post_tag","embeddable":true,"href":"https:\/\/primicias2262.com\/noticias\/wp-json\/wp\/v2\/tags?post=95250"}],"curies":[{"name":"wp","href":"https:\/\/api.w.org\/{rel}","templated":true}]}}